{"id":523,"date":"2009-06-06T23:41:36","date_gmt":"2009-06-06T21:41:36","guid":{"rendered":"http:\/\/www.gezipgorduk.com\/?p=523"},"modified":"2009-07-13T22:21:55","modified_gmt":"2009-07-13T20:21:55","slug":"amasra-amasra-muzesi-bakacak-tepesi-amasra-kalesi-istavrit-amasra-salatasi-bartin","status":"publish","type":"post","link":"https:\/\/www.gezipgorduk.com\/index.php\/2009\/06\/06\/amasra-amasra-muzesi-bakacak-tepesi-amasra-kalesi-istavrit-amasra-salatasi-bartin\/","title":{"rendered":"Amasra, Amasra M\u00fczesi, Bakacak Tepesi, Amasra Kalesi, \u0130stavrit, Amasra Salatas\u0131, Bart\u0131n"},"content":{"rendered":"<p style=\"text-align: center;\"><span class=\"frame-outer  small size-medium wp-image-533 aligncenter\"><span><span><span><span><a href=\"http:\/\/www.gezipgorduk.com\/wp-content\/uploads\/2009\/06\/amasra_panorama.jpg\"><img loading=\"lazy\" class=\"size-medium wp-image-533 aligncenter\" title=\"amasra_panorama\" src=\"http:\/\/www.gezipgorduk.com\/wp-content\/uploads\/2009\/06\/amasra_panorama-300x76.jpg\" alt=\"amasra_panorama\" width=\"300\" height=\"76\" srcset=\"https:\/\/www.gezipgorduk.com\/wp-content\/uploads\/2009\/06\/amasra_panorama-300x76.jpg 300w, https:\/\/www.gezipgorduk.com\/wp-content\/uploads\/2009\/06\/amasra_panorama-1024x262.jpg 1024w, https:\/\/www.gezipgorduk.com\/wp-content\/uploads\/2009\/06\/amasra_panorama.jpg 1661w\" sizes=\"(max-width: 300px) 100vw, 300px\" \/><\/a><\/span><\/span><\/span><\/span><\/span><\/p>\n<p style=\"text-align: center;\"><span class=\"frame-outer  size-medium wp-image-530 aligncenter\"><span><span><span><span><a href=\"http:\/\/www.gezipgorduk.com\/wp-content\/uploads\/2009\/06\/dsc_0493.jpg\"><img loading=\"lazy\" class=\"size-medium wp-image-530 aligncenter\" title=\"dsc_0493\" src=\"http:\/\/www.gezipgorduk.com\/wp-content\/uploads\/2009\/06\/dsc_0493-300x200.jpg\" alt=\"dsc_0493\" width=\"300\" height=\"200\" srcset=\"https:\/\/www.gezipgorduk.com\/wp-content\/uploads\/2009\/06\/dsc_0493-300x200.jpg 300w, https:\/\/www.gezipgorduk.com\/wp-content\/uploads\/2009\/06\/dsc_0493.jpg 941w\" sizes=\"(max-width: 300px) 100vw, 300px\" \/><\/a><\/span><\/span><\/span><\/span><\/span><\/p>\n<p>Sabah erken kalk\u0131p pansiyonumuzda son enfes kahvalt\u0131m\u0131z\u0131 yap\u0131yoruz. Asl\u0131nda yolumuz \u00e7ok fazla de\u011fil. Ancak yolda yer yer yap\u0131m \u00e7al\u0131\u015fmalar\u0131 oldu\u011funu \u00f6\u011frendi\u011fimizden temkinli davran\u0131yoruz. Amasra-Safranbolu aras\u0131 yakla\u015f\u0131k 80 km. Normal \u015fartlarda en fazla 1 saat s\u00fcr\u00fcyor. E\u015fyalar\u0131m\u0131z\u0131 arac\u0131m\u0131za y\u00fckl\u00fcyor ve yola koyuluyoruz.<\/p>\n<p>Yolda neredeyse tek t\u00fck ara\u00e7 g\u00f6r\u00fcyoruz. Haftasonu yo\u011funlu\u011fu kalmam\u0131\u015f, b\u00fcy\u00fck ihtimalle t\u00fcm turlar geldikleri gibi d\u00f6nm\u00fc\u015fler. Bu bizim i\u00e7inde \u00e7ok kalabal\u0131k olmadan gezmek anlam\u0131na geldi\u011finden bir noktada seviniyoruz. :) Yolda bir s\u00fcre sonra etraf\u0131m\u0131z\u0131 g\u00f6rmeden ilerledi\u011fimiz farkediyoruz. Bu ne muhte\u015fem bir yol b\u00f6yle.!? Etrafta a\u011fa\u00e7lar o kadar s\u0131k\u0131 ve ye\u015fil ki yer yer a\u011fa\u00e7lar yollara kadar \u00e7\u0131km\u0131\u015flar. Bu \u015fekilde uzunca bir s\u00fcre ilerliyoruz. Yoldan keyif almak demek b\u00f6yle bir \u015fey olmal\u0131! Hi\u00e7 i\u015finiz olmasa bile ara ara gelip bir ileri, bir geri gidesi geliyor insan\u0131n.. :)<\/p>\n<p style=\"text-align: center;\"><span class=\"frame-outer  size-medium wp-image-526 aligncenter\"><span><span><span><span><a href=\"http:\/\/www.gezipgorduk.com\/wp-content\/uploads\/2009\/06\/dsc_0527.jpg\"><img loading=\"lazy\" class=\"size-medium wp-image-526 aligncenter\" title=\"dsc_0527\" src=\"http:\/\/www.gezipgorduk.com\/wp-content\/uploads\/2009\/06\/dsc_0527-300x200.jpg\" alt=\"dsc_0527\" width=\"300\" height=\"200\" srcset=\"https:\/\/www.gezipgorduk.com\/wp-content\/uploads\/2009\/06\/dsc_0527-300x200.jpg 300w, https:\/\/www.gezipgorduk.com\/wp-content\/uploads\/2009\/06\/dsc_0527.jpg 941w\" sizes=\"(max-width: 300px) 100vw, 300px\" \/><\/a><\/span><\/span><\/span><\/span><\/span><\/p>\n<p>Yolda yap\u0131m \u00e7al\u0131\u015fmas\u0131 sadece bir iki yerde k\u0131sa k\u0131sa kar\u015f\u0131m\u0131za \u00e7\u0131k\u0131yor ve bir sorunla kar\u015f\u0131la\u015fmadan Amasra&#8217;ya var\u0131yoruz. \u015eehre ilk \u00f6nce Fatih Sultan Mehmet&#8217;in de hayran hayran izledi\u011fi Bakacak Tepesi&#8217;nden giri\u015f yap\u0131yoruz. Her\u015fey ayaklar\u0131n\u0131z\u0131n alt\u0131nda. \u0130htiyac\u0131n\u0131z olan t\u00fcm g\u00fczellikler ise yan\u0131ba\u015f\u0131n\u0131zda. Sa\u011f\u0131n\u0131z ye\u015fil, solunuz mavi.. (Bu anlat\u0131m\u0131 heralde Karadeniz turu yapt\u0131\u011f\u0131m\u0131zda s\u00fcrekli kullanaca\u011f\u0131z. :) ) K\u00fc\u00e7\u00fck bir yerle\u015fim yeri oldu\u011fundan kalaca\u011f\u0131m\u0131z <span style=\"color: #000000;\">Amasra Anadolu Otelcilik Turizm Meslek Lisesi&#8217;nin Uygulama Oteli<\/span>&#8216;ni zorlanmadan buluyoruz. Bir g\u00fcn \u00f6nceden telefon ile rezervasyon yapm\u0131\u015ft\u0131k, \u015fimdi sorunsuzca kayd\u0131m\u0131z\u0131 yapt\u0131r\u0131yoruz. Ancak odalara \u00e7\u0131k\u0131\u015f 13.30 diyor \u00e7al\u0131\u015fan \u00f6\u011frenciler g\u00fcler y\u00fczleriyle ve bizde o saate kadar beklemek istemedi\u011fimizden e\u015fyalar\u0131m\u0131z\u0131 b\u0131rak\u0131p dola\u015fmak i\u00e7in \u00e7\u0131k\u0131yoruz. Ama\u00e7 yerle\u015fene kadar en az\u0131ndan bir iki yer g\u00f6rmek.\u00a0Y\u00fcr\u00fcmeyi sevenler \u00a0Amasra&#8217;da \u015fehir i\u00e7erisinde araca pek ihtiya\u00e7 duymayabilir.<\/p>\n<p style=\"text-align: center;\"><span class=\"frame-outer  size-medium wp-image-528 aligncenter\"><span><span><span><span><a href=\"http:\/\/www.gezipgorduk.com\/wp-content\/uploads\/2009\/06\/dsc_0476.jpg\"><img loading=\"lazy\" class=\"size-medium wp-image-528 aligncenter\" title=\"dsc_0476\" src=\"http:\/\/www.gezipgorduk.com\/wp-content\/uploads\/2009\/06\/dsc_0476-300x200.jpg\" alt=\"dsc_0476\" width=\"300\" height=\"200\" srcset=\"https:\/\/www.gezipgorduk.com\/wp-content\/uploads\/2009\/06\/dsc_0476-300x200.jpg 300w, https:\/\/www.gezipgorduk.com\/wp-content\/uploads\/2009\/06\/dsc_0476.jpg 941w\" sizes=\"(max-width: 300px) 100vw, 300px\" \/><\/a><\/span><\/span><\/span><\/span><\/span><\/p>\n<p style=\"text-align: center;\"><span class=\"frame-outer  small size-medium wp-image-525 aligncenter\"><span><span><span><span><a href=\"http:\/\/www.gezipgorduk.com\/wp-content\/uploads\/2009\/06\/amasra_muzesi_panorama1.jpg\"><img loading=\"lazy\" class=\"size-medium wp-image-525 aligncenter\" title=\"amasra_muzesi_panorama1\" src=\"http:\/\/www.gezipgorduk.com\/wp-content\/uploads\/2009\/06\/amasra_muzesi_panorama1-300x105.jpg\" alt=\"amasra_muzesi_panorama1\" width=\"300\" height=\"105\" srcset=\"https:\/\/www.gezipgorduk.com\/wp-content\/uploads\/2009\/06\/amasra_muzesi_panorama1-300x105.jpg 300w, https:\/\/www.gezipgorduk.com\/wp-content\/uploads\/2009\/06\/amasra_muzesi_panorama1-1024x359.jpg 1024w, https:\/\/www.gezipgorduk.com\/wp-content\/uploads\/2009\/06\/amasra_muzesi_panorama1.jpg 1293w\" sizes=\"(max-width: 300px) 100vw, 300px\" \/><\/a><\/span><\/span><\/span><\/span><\/span><\/p>\n<p>Otelden ald\u0131\u011f\u0131m\u0131z bilgilendirici Amasra bro\u015f\u00fcrlerini inceleyip bir rota \u00e7\u0131kart\u0131yoruz. \u0130lk hedefimiz bizi giri\u015fte kar\u015f\u0131layan <span style=\"color: #000000;\">Amasra M\u00fczesi<\/span>. M\u00fczeye girerken b\u00fcy\u00fck bir heyecanla M\u00fcze Kart&#8217;lar\u0131m\u0131z\u0131 \u00e7\u0131kart\u0131yoruz ancak kap\u0131daki g\u00f6revli gerek olmad\u0131\u011f\u0131n\u0131 s\u00f6yl\u00fcyor. Bir s\u00fcre sonra m\u00fczeler haftas\u0131 dolay\u0131s\u0131yla giri\u015flerin \u00fccretsiz oldu\u011funu anl\u0131yoruz. M\u00fcze 1884 y\u0131l\u0131nda Denizcilik Okulu olarak yap\u0131lmaya ba\u015flan\u0131yor ancak bir t\u00fcrl\u00fc bitirilemiyor. 1976 y\u0131l\u0131nda K\u00fclt\u00fcr Bakanl\u0131\u011f\u0131 m\u00fcze yapmak i\u00e7in restarasyona ba\u015fl\u0131yor ve ayn\u0131 zamanda a\u00e7\u0131l\u0131\u015f tarihi olan 1982 y\u0131l\u0131nda bitiriyor. M\u00fczenin yeri konumu muhte\u015fem. Olduk\u00e7a g\u00fczel arkeolojik eserler var. Hellenistlik d\u00f6nem, Roma, Bizans, Ceneviz ve Osmanl\u0131 eserlerine ilgi duyanlar\u0131n kesinlikle g\u00f6rmeleri gereken bir m\u00fcze.<\/p>\n<p style=\"text-align: center;\"><span class=\"frame-outer  size-medium wp-image-535 aligncenter\"><span><span><span><span><a href=\"http:\/\/www.gezipgorduk.com\/wp-content\/uploads\/2009\/06\/dsc_0463.jpg\"><img loading=\"lazy\" class=\"size-medium wp-image-535 aligncenter\" title=\"dsc_0463\" src=\"http:\/\/www.gezipgorduk.com\/wp-content\/uploads\/2009\/06\/dsc_0463-300x200.jpg\" alt=\"dsc_0463\" width=\"300\" height=\"200\" srcset=\"https:\/\/www.gezipgorduk.com\/wp-content\/uploads\/2009\/06\/dsc_0463-300x200.jpg 300w, https:\/\/www.gezipgorduk.com\/wp-content\/uploads\/2009\/06\/dsc_0463.jpg 941w\" sizes=\"(max-width: 300px) 100vw, 300px\" \/><\/a><\/span><\/span><\/span><\/span><\/span><\/p>\n<p style=\"text-align: center;\"><span class=\"frame-outer  size-medium wp-image-531 aligncenter\"><span><span><span><span><a href=\"http:\/\/www.gezipgorduk.com\/wp-content\/uploads\/2009\/06\/dsc_0478.jpg\"><img loading=\"lazy\" class=\"size-medium wp-image-531 aligncenter\" title=\"dsc_0478\" src=\"http:\/\/www.gezipgorduk.com\/wp-content\/uploads\/2009\/06\/dsc_0478-200x300.jpg\" alt=\"dsc_0478\" width=\"200\" height=\"300\" srcset=\"https:\/\/www.gezipgorduk.com\/wp-content\/uploads\/2009\/06\/dsc_0478-200x300.jpg 200w, https:\/\/www.gezipgorduk.com\/wp-content\/uploads\/2009\/06\/dsc_0478.jpg 422w\" sizes=\"(max-width: 200px) 100vw, 200px\" \/><\/a><\/span><\/span><\/span><\/span><\/span><\/p>\n<p style=\"text-align: center;\"><span class=\"frame-outer  size-medium wp-image-536 aligncenter\"><span><span><span><span><a href=\"http:\/\/www.gezipgorduk.com\/wp-content\/uploads\/2009\/06\/dsc_0452.jpg\"><img loading=\"lazy\" class=\"size-medium wp-image-536 aligncenter\" title=\"dsc_0452\" src=\"http:\/\/www.gezipgorduk.com\/wp-content\/uploads\/2009\/06\/dsc_0452-300x200.jpg\" alt=\"dsc_0452\" width=\"300\" height=\"200\" srcset=\"https:\/\/www.gezipgorduk.com\/wp-content\/uploads\/2009\/06\/dsc_0452-300x200.jpg 300w, https:\/\/www.gezipgorduk.com\/wp-content\/uploads\/2009\/06\/dsc_0452.jpg 941w\" sizes=\"(max-width: 300px) 100vw, 300px\" \/><\/a><\/span><\/span><\/span><\/span><\/span><\/p>\n<p>M\u00fczeden \u00e7\u0131k\u0131p Amasra&#8217;n\u0131n merkezine ilerledi\u011fimizde gezimizde bir tad eksikli\u011fini farkediyoruz. Bu tad mimari lezzetsizlik! Bu kadar g\u00fczel bir kenti bu kadar i\u00e7 i\u00e7e ve k\u00f6t\u00fc bir mimariyle bozmaya kimsenin hakk\u0131 yoktu. Evler \u00e7irkin. Bak\u0131ms\u0131z. Bir s\u00fcre sonra <span style=\"color: #000000;\">Amasra kalesi<\/span>ne gitti\u011fimzide durumun vehametini daha da iyi kavr\u0131yoruz. Neredeyse kaleye ait hi\u00e7bir par\u00e7a g\u00f6remiyoruz. Evler bu kadar rezil olamaz. Mimari bir rezalet. Herkes kafas\u0131na g\u00f6re tarihi kale i\u00e7erisine ev yapm\u0131\u015f. Tarihi bir ka\u00e7 ev ise bak\u0131ms\u0131zl\u0131ktan bug\u00fcn yar\u0131n y\u0131k\u0131lmak \u00fczere. \u0130\u00e7imiz yine c\u0131z etti. Bir \u00e7ok ev d\u0131\u015f s\u0131va renkleriyle kalm\u0131\u015f. Bir k\u0131sm\u0131 denizi g\u00f6rmek i\u00e7in birbirini yemi\u015f. \u00dcst \u00fcste katlar \u00e7\u0131km\u0131\u015f. Biz size denizin g\u00fczelli\u011finden bahsedemiyoruz. Bir kenti kent yapan k\u00fclt\u00fcrel ve do\u011fal unsurlar\u0131 ellerimizle bo\u011farak \u00f6ld\u00fcrm\u00fc\u015f\u00fcz. (Bu arada tarihi eserler \u00fczerine spreyle yaz\u0131lan isimlerden ve a\u015fk ilanlar\u0131ndan bahsetmiyoruz bile. Bu art\u0131k gitti\u011fimiz bir \u00e7ok yerde normalle\u015fti bizim i\u00e7in..) Buna devletin resmi kurumlar\u0131 da onay vererek cinayeti resmile\u015ftirmi\u015fler. Nerede ma\u015fhur Amasra Kalesi? Burada..ee surlar?..\u015fu k\u00f6\u015fede var bir par\u00e7a..biraz bu tarafta..gerisi evlerden g\u00f6z\u00fckm\u00fcyor. Oh ne g\u00fczel. Biz buraya ev g\u00f6rmeye de\u011fil tarihi ve do\u011fal g\u00fczellikleri g\u00f6rmek i\u00e7in geldik. Ama yok. B\u00f6yle olmayacak. Biz son tarihi eseride yok edene kadar ak\u0131llanmayaca\u011f\u0131z. Ya da ABD, Avrupa diyecek bize &#8216;koruyun eserlerinizi!&#8217; diye biz \u00f6yle yapaca\u011f\u0131z. Ondan \u00f6nce ak\u0131llanm\u0131yoruz. Yine sinirimiz kalkt\u0131.<\/p>\n<p style=\"text-align: center;\"><span class=\"frame-outer  aligncenter size-medium wp-image-548\"><span><span><span><span><a href=\"http:\/\/www.gezipgorduk.com\/wp-content\/uploads\/2009\/06\/amasrakalesi.jpg\"><img loading=\"lazy\" class=\"aligncenter size-medium wp-image-548\" title=\"amasrakalesi\" src=\"http:\/\/www.gezipgorduk.com\/wp-content\/uploads\/2009\/06\/amasrakalesi-300x200.jpg\" alt=\"amasrakalesi\" width=\"300\" height=\"200\" srcset=\"https:\/\/www.gezipgorduk.com\/wp-content\/uploads\/2009\/06\/amasrakalesi-300x200.jpg 300w, https:\/\/www.gezipgorduk.com\/wp-content\/uploads\/2009\/06\/amasrakalesi.jpg 941w\" sizes=\"(max-width: 300px) 100vw, 300px\" \/><\/a><\/span><\/span><\/span><\/span><\/span><\/p>\n<p style=\"text-align: center;\"><span class=\"frame-outer  small size-medium wp-image-532 aligncenter\"><span><span><span><span><a href=\"http:\/\/www.gezipgorduk.com\/wp-content\/uploads\/2009\/06\/amasra_panorama2.jpg\"><img loading=\"lazy\" class=\"size-medium wp-image-532 aligncenter\" title=\"amasra_panorama2\" src=\"http:\/\/www.gezipgorduk.com\/wp-content\/uploads\/2009\/06\/amasra_panorama2-300x78.jpg\" alt=\"amasra_panorama2\" width=\"300\" height=\"78\" srcset=\"https:\/\/www.gezipgorduk.com\/wp-content\/uploads\/2009\/06\/amasra_panorama2-300x78.jpg 300w, https:\/\/www.gezipgorduk.com\/wp-content\/uploads\/2009\/06\/amasra_panorama2-1023x269.jpg 1023w, https:\/\/www.gezipgorduk.com\/wp-content\/uploads\/2009\/06\/amasra_panorama2.jpg 1727w\" sizes=\"(max-width: 300px) 100vw, 300px\" \/><\/a><\/span><\/span><\/span><\/span><\/span><\/p>\n<p>Amasra Kalesinde girerken <span style=\"color: #000000;\">&#8216;Kemere&#8217;<\/span> denilen bir k\u00f6r\u00fcden ge\u00e7erek giriyorsunuz. sa\u011f\u0131n\u0131zda ve solunuzda nefis deniz manzaras\u0131 ve <span style=\"color: #000000;\">Tav\u015fan Adas\u0131<\/span> var. (Asl\u0131nda biraz g\u00fcc\u00fcm\u00fcz yetse bu denizi de k\u0131rar d\u00f6keriz iki bina \u00e7\u0131kar\u0131z ama..neyse..) Ada \u00fczerinde tav\u015fanlar oldu\u011fundan bu isim verilmi\u015f. Bir de Bizans d\u00f6nemine ait kilise kal\u0131nt\u0131s\u0131 var ancak biz g\u00f6remedik. Onun haricinde bir \u00f6zelli\u011fi yok. Kalede <span style=\"color: #000000;\">Fatih Camiisi<\/span> ve <span style=\"color: #000000;\">K\u00fclt\u00fcr Sanat Evi<\/span>&#8216;ne (<span style=\"color: #000000;\">Chapel<\/span> olarak ge\u00e7iyor.) gidiyoruz. K\u00fclt\u00fcr evi kapal\u0131. Fatih Camii ise yan\u0131ba\u015f\u0131nda g\u00f6r\u00fclebilir. K\u00fc\u00e7\u00fck ve kiliseden \u00e7evrilen bir camii. Hatta Cuma hutbelerinin K\u0131l\u0131\u00e7 ile okunmas\u0131 gelene\u011fi g\u00fcn\u00fcm\u00fczde bu camii&#8217;de ya\u015fat\u0131l\u0131yormu\u015f.<\/p>\n<p style=\"text-align: center;\"><span class=\"frame-outer  size-medium wp-image-527 aligncenter\"><span><span><span><span><a href=\"http:\/\/www.gezipgorduk.com\/wp-content\/uploads\/2009\/06\/dsc_0514.jpg\"><img loading=\"lazy\" class=\"size-medium wp-image-527 aligncenter\" title=\"dsc_0514\" src=\"http:\/\/www.gezipgorduk.com\/wp-content\/uploads\/2009\/06\/dsc_0514-300x200.jpg\" alt=\"dsc_0514\" width=\"300\" height=\"200\" srcset=\"https:\/\/www.gezipgorduk.com\/wp-content\/uploads\/2009\/06\/dsc_0514-300x200.jpg 300w, https:\/\/www.gezipgorduk.com\/wp-content\/uploads\/2009\/06\/dsc_0514.jpg 941w\" sizes=\"(max-width: 300px) 100vw, 300px\" \/><\/a><\/span><\/span><\/span><\/span><\/span><\/p>\n<p>Kalede en tepe noktas\u0131nda <span style=\"color: #000000;\">Amasra Feneri<\/span>&#8216;ne kadar \u00e7\u0131k\u0131yoruz. Olduk\u00e7a sert esen bir r\u00fczgar var. Hava s\u0131cak olmas\u0131na ra\u011fmen hasta edebilir. \u00c7\u0131kmak zor terletiyor insan\u0131. Ancak sa\u011fa sola bakmak \u00e7ok keyifli. 1863 y\u0131l\u0131ndan beri binlerce gemiye yol g\u00f6steren bu fener hala tak\u0131r tak\u0131r hizmet veriyor. Kaleden inip \u00e7ar\u015f\u0131 merkezine giriyoruz. Burada al\u0131\u015fveri\u015f yapabilece\u011finiz uzun bir \u00e7ar\u015f\u0131s\u0131 var. Sa\u011fl\u0131 sollu hediyelik e\u015fya alabilece\u011finiz onlarca ma\u011faza. Bu sokak sizi yine liman\u0131n oldu\u011fu k\u0131sma kadar g\u00f6t\u00fcr\u00fcyor. Liman ayn\u0131 zamanda otopark. 5 TL kar\u015f\u0131l\u0131\u011f\u0131nda arac\u0131n\u0131z s\u00fcresiz kalabiliyor.<\/p>\n<p>Bizim i\u00e7in en \u00f6nemli an olan yeme i\u00e7me k\u0131sm\u0131na geliyoruz. Burada yiyebilece\u011finiz en lezzetli yiyecek tabiki bal\u0131k ve me\u015fhur salatas\u0131. Bal\u0131k\u00e7\u0131lar\u0131n \u00f6n\u00fcnden ge\u00e7iyor ve fiyatlar\u0131n\u0131 kar\u015f\u0131la\u015ft\u0131r\u0131yoruz. A\u015fa\u011f\u0131 yukar\u0131 hepsi ayn\u0131. Biz karar\u0131m\u0131z\u0131 en kalabal\u0131k yer olan <span style=\"color: #000000;\">\u00c7<\/span><span style=\"color: #000000;\">e\u015fm-i Cihan<\/span>&#8216;dan yana kullan\u0131yoruz. Bu bal\u0131k\u00e7\u0131 bir \u00e7ok \u00fcnl\u00fcn\u00fcnde u\u011frak yeri olmu\u015f. Hemen masam\u0131z kuruluyor nefis manzara ile beraber. \u0130stavrit s\u00f6yl\u00fcyoruz. K\u0131sa bir s\u00fcre sonra istavritlerimiz ve enfes salatam\u0131z yan\u0131ba\u015f\u0131m\u0131zda oluyor. Salatan\u0131n i\u00e7erisinde neredeyse 35 farkl\u0131 ot-sebze buluyor. Muhte\u015fem bir lezzeti ve g\u00f6rsel \u015f\u00f6leni var. Yemek sonras\u0131nda bize de\u011fi\u015fik g\u00f6z\u00fcken Ball\u0131 Yo\u011furt tatl\u0131s\u0131n\u0131 denemek istiyoruz. \u00dczerine cevizde ufalanan bu tatl\u0131 olduk\u00e7a hafif ve lezzetli. Asl\u0131nda evde de yapabilece\u011finiz bir tatl\u0131. Yazarken bile o anlar\u0131 hat\u0131rlamak a\u011fz\u0131m\u0131z\u0131 suland\u0131r\u0131yor. :) Ancak bir saniye..tatl\u0131n\u0131n foto\u011fraf\u0131n\u0131 \u00e7ekmeyi unutmu\u015fuz heyecandan. :) Kendimizi o kadar kapt\u0131rm\u0131\u015f\u0131z ki yeme\u011fe. Hemen orada bizimle ilgilenen g\u00f6revliye derdimizi anlat\u0131yoruz. \u00c7ekmemiz laz\u0131m ba\u015fkas\u0131na g\u00f6t\u00fcr\u00fcken haber et \u00e7ekelim diyoruz. Kibarl\u0131k yap\u0131p biz size yapal\u0131m bir tane daha diyorlar foto\u011fraf \u00e7ekimi i\u00e7in. Ancak bu tatl\u0131 \u00f6yle uzun dayanabilecek bir tatl\u0131 de\u011fil. Hemen bitirmek laz\u0131m. Bu sebeple biraz m\u0131r\u0131n k\u0131r\u0131nda edilmiyor de\u011fil. Foto\u011fraf \u00e7ekimi i\u00e7in gelen Ball\u0131 Yo\u011furt Tatl\u0131s\u0131&#8217;nda bizim tatl\u0131m\u0131zda olmayan bir de muz eklenmi\u015f. Asl\u0131nda bu daha da lezzetli g\u00f6z\u00fck\u00fcyor ve bize ikram edilen bu tatl\u0131dan yan masay\u0131 nasiplendiriyoruz ancak bizim tatl\u0131m\u0131z neden b\u00f6yle de\u011filde diye de sormadan edemiyoruz.<\/p>\n<p style=\"text-align: center;\"><span class=\"frame-outer  aligncenter size-medium wp-image-570\"><span><span><span><span><a href=\"http:\/\/www.gezipgorduk.com\/wp-content\/uploads\/2009\/06\/dsc_0552.jpg\"><img loading=\"lazy\" class=\"aligncenter size-medium wp-image-570\" title=\"dsc_0552\" src=\"http:\/\/www.gezipgorduk.com\/wp-content\/uploads\/2009\/06\/dsc_0552-300x201.jpg\" alt=\"dsc_0552\" width=\"300\" height=\"201\" srcset=\"https:\/\/www.gezipgorduk.com\/wp-content\/uploads\/2009\/06\/dsc_0552-300x201.jpg 300w, https:\/\/www.gezipgorduk.com\/wp-content\/uploads\/2009\/06\/dsc_0552.jpg 882w\" sizes=\"(max-width: 300px) 100vw, 300px\" \/><\/a><\/span><\/span><\/span><\/span><\/span><\/p>\n<p style=\"text-align: center;\"><span class=\"frame-outer  size-medium wp-image-529 aligncenter\"><span><span><span><span><a href=\"http:\/\/www.gezipgorduk.com\/wp-content\/uploads\/2009\/06\/istavrit.jpg\"><img loading=\"lazy\" class=\"size-medium wp-image-529 aligncenter\" title=\"istavrit\" src=\"http:\/\/www.gezipgorduk.com\/wp-content\/uploads\/2009\/06\/istavrit-200x300.jpg\" alt=\"istavrit\" width=\"200\" height=\"300\" srcset=\"https:\/\/www.gezipgorduk.com\/wp-content\/uploads\/2009\/06\/istavrit-200x300.jpg 200w, https:\/\/www.gezipgorduk.com\/wp-content\/uploads\/2009\/06\/istavrit.jpg 422w\" sizes=\"(max-width: 200px) 100vw, 200px\" \/><\/a><\/span><\/span><\/span><\/span><\/span><\/p>\n<p style=\"text-align: center;\"><span class=\"frame-outer  size-medium wp-image-538 aligncenter\"><span><span><span><span><a href=\"http:\/\/www.gezipgorduk.com\/wp-content\/uploads\/2009\/06\/amasra_salatasi.jpg\"><img loading=\"lazy\" class=\"size-medium wp-image-538 aligncenter\" title=\"amasra_salatasi\" src=\"http:\/\/www.gezipgorduk.com\/wp-content\/uploads\/2009\/06\/amasra_salatasi-300x200.jpg\" alt=\"amasra_salatasi\" width=\"300\" height=\"200\" srcset=\"https:\/\/www.gezipgorduk.com\/wp-content\/uploads\/2009\/06\/amasra_salatasi-300x200.jpg 300w, https:\/\/www.gezipgorduk.com\/wp-content\/uploads\/2009\/06\/amasra_salatasi.jpg 941w\" sizes=\"(max-width: 300px) 100vw, 300px\" \/><\/a><\/span><\/span><\/span><\/span><\/span><\/p>\n<p>Hemen otelimize d\u00f6n\u00fcyor ve dinleniyoruz. Ge\u00e7en saatlerin ard\u0131ndan biraz g\u00f6zlerimizi dinlendirmek iyi geliyor. Uygulama oteli \u00e7ok konforlu ya da l\u00fcks olmasa da bir ya da iki g\u00fcn i\u00e7in g\u00fczel ve ekonomik bir \u00e7\u00f6z\u00fcm oluyor \u00e7o\u011fu zaman. Burada ki\u015fi ba\u015f\u0131 kahvalt\u0131 dahil 30 TL. \u00c7al\u0131\u015fanlar\u0131n neredeyse hepsi lise \u00f6\u011frencisi ve g\u00fcler y\u00fczl\u00fc olunca eksiklikleri \u00e7okta \u00f6nemsemiyorsunuz.<\/p>\n<p>Ak\u015fam \u00fczeri <span style=\"color: #000000;\">B<\/span><span style=\"color: #000000;\">akacak tepesi<\/span>ne do\u011fru ilerliyoruz. B\u00fcy\u00fck bir \u00e7ay bah\u00e7esi var. Ayn\u0131 zamanda burada yazlar\u0131 mangal keyfi yapmak m\u00fcmk\u00fcn. G\u00fcn bat\u0131m\u0131n\u0131 burada yap\u0131yoruz. Enfes bir manzara. Fatih Sultan Mehmet&#8217;in dedi\u011fi ve hayret etti\u011fi kadar var. &#8221;Lala Lala \u00c7a\u015fm-i Cihan Buram\u0131 Ola!&#8221;<\/p>\n<p style=\"text-align: center;\"><span class=\"frame-outer  size-medium wp-image-537 aligncenter\"><span><span><span><span><a href=\"http:\/\/www.gezipgorduk.com\/wp-content\/uploads\/2009\/06\/bakacak_tepesi.jpg\"><img loading=\"lazy\" class=\"size-medium wp-image-537 aligncenter\" title=\"bakacak_tepesi\" src=\"http:\/\/www.gezipgorduk.com\/wp-content\/uploads\/2009\/06\/bakacak_tepesi-300x200.jpg\" alt=\"bakacak_tepesi\" width=\"300\" height=\"200\" srcset=\"https:\/\/www.gezipgorduk.com\/wp-content\/uploads\/2009\/06\/bakacak_tepesi-300x200.jpg 300w, https:\/\/www.gezipgorduk.com\/wp-content\/uploads\/2009\/06\/bakacak_tepesi.jpg 941w\" sizes=\"(max-width: 300px) 100vw, 300px\" \/><\/a><\/span><\/span><\/span><\/span><\/span><\/p>\n<p style=\"text-align: center;\"><span class=\"frame-outer  aligncenter size-medium wp-image-550\"><span><span><span><span><a href=\"http:\/\/www.gezipgorduk.com\/wp-content\/uploads\/2009\/06\/bartin2.jpg\"><img loading=\"lazy\" class=\"aligncenter size-medium wp-image-550\" title=\"bartin2\" src=\"http:\/\/www.gezipgorduk.com\/wp-content\/uploads\/2009\/06\/bartin2-300x200.jpg\" alt=\"bartin2\" width=\"300\" height=\"200\" srcset=\"https:\/\/www.gezipgorduk.com\/wp-content\/uploads\/2009\/06\/bartin2-300x200.jpg 300w, https:\/\/www.gezipgorduk.com\/wp-content\/uploads\/2009\/06\/bartin2.jpg 941w\" sizes=\"(max-width: 300px) 100vw, 300px\" \/><\/a><\/span><\/span><\/span><\/span><\/span><\/p>\n<p>Yar\u0131n ki plan\u0131m\u0131zda <span style=\"color: #000000;\">Bart\u0131n<\/span> var. Ancak Amasra gezilebilecek bir \u00e7ok noktay\u0131 g\u00f6rd\u00fck. Bir ka\u00e7 yer haricinde. Bu y\u00fczden ak\u015fam\u0131 Bart\u0131n&#8217;da yapal\u0131m diyoruz. Zaten Bart\u0131n en fazla 20 dk. s\u00fcr\u00fcyor virajl\u0131 yollardan dolay\u0131. Yoksa km olarak fazla bir uzakl\u0131\u011f\u0131 yok. Hemen kendimizi Bart\u0131n&#8217;da buluyoruz. \u015eehre girerken o kadar \u00e7ok eski ve tarihi ev ile kar\u015f\u0131la\u015f\u0131yoruz ki bu bizi \u00e7ok memnun ediyor. Bu evlerin b\u00fcy\u00fck \u00e7o\u011funlu\u011fu hala kullan\u0131l\u0131yor. \u015eehri bilmiyoruz. Nereden gidilir nas\u0131l merkeze inilir..Tam bu s\u0131rada \u00f6n\u00fcm\u00fczde bir askeri ara\u00e7 \u00e7\u0131k\u0131yor. Komutan\u0131n\u0131 \u015fehrin merkezine g\u00f6t\u00fcrd\u00fc\u011f\u00fcn\u00fc d\u00fc\u015f\u00fcnd\u00fc\u011f\u00fcm\u00fcz arac\u0131 takip ediyoruz bir ka\u00e7 dakika sonra kendimizi merkezde buluyoruz. Hemen buldu\u011fumuz ilk yere park edip \u015fehrin en i\u015flek caddesinde y\u00fcr\u00fcy\u00fc\u015f yap\u0131yoruz. Zaten bir \u00e7ok k\u00fc\u00e7\u00fck Anadolu kentinde oldu\u011fu gibi burada da en i\u015flek bir cadde bulunuyor ve herkesi bu cadde \u00fczerinde buluyorsunuz. Burada y\u00fcr\u00fcmek asl\u0131nda \u015fehrin dokusunu ya\u015fam\u0131n\u0131 ve ya\u015fayan\u0131n\u0131 anlamak i\u00e7in \u00e7ok faydal\u0131 oluyor. \u015eehirle ilgili kafan\u0131zda bir \u015fekil \u00e7izmenize yard\u0131mc\u0131 oluyor. Bart\u0131n sakin ve eski dokusunu koruyan bir kent. Belediye binas\u0131 bile olduk\u00e7a tarihi g\u00f6z\u00fck\u00fcyor. Umar\u0131z bu dokuyu kentle\u015fme ad\u0131na yoketmeyiz.<\/p>\n<p>Ak\u015fam tekrar Amasra&#8217;ya kald\u0131\u011f\u0131m\u0131z otelimize d\u00f6n\u00fcyoruz. Sabah ilk hedefimiz Devrek oradan Karadeniz Ere\u011fli.<\/p>\n<p style=\"text-align: center;\"><span class=\"frame-outer  aligncenter size-medium wp-image-549\"><span><span><span><span><a href=\"http:\/\/www.gezipgorduk.com\/wp-content\/uploads\/2009\/06\/bartin.jpg\"><img loading=\"lazy\" class=\"aligncenter size-medium wp-image-549\" title=\"bartin\" src=\"http:\/\/www.gezipgorduk.com\/wp-content\/uploads\/2009\/06\/bartin-300x200.jpg\" alt=\"bartin\" width=\"300\" height=\"200\" srcset=\"https:\/\/www.gezipgorduk.com\/wp-content\/uploads\/2009\/06\/bartin-300x200.jpg 300w, https:\/\/www.gezipgorduk.com\/wp-content\/uploads\/2009\/06\/bartin.jpg 941w\" sizes=\"(max-width: 300px) 100vw, 300px\" \/><\/a><\/span><\/span><\/span><\/span><\/span><\/p>\n<p style=\"text-align: center;\"><span class=\"frame-outer  aligncenter size-medium wp-image-551\"><span><span><span><span><a href=\"http:\/\/www.gezipgorduk.com\/wp-content\/uploads\/2009\/06\/bartin3.jpg\"><img loading=\"lazy\" class=\"aligncenter size-medium wp-image-551\" title=\"bartin3\" src=\"http:\/\/www.gezipgorduk.com\/wp-content\/uploads\/2009\/06\/bartin3-201x300.jpg\" alt=\"bartin3\" width=\"201\" height=\"300\" srcset=\"https:\/\/www.gezipgorduk.com\/wp-content\/uploads\/2009\/06\/bartin3-201x300.jpg 201w, https:\/\/www.gezipgorduk.com\/wp-content\/uploads\/2009\/06\/bartin3.jpg 389w\" sizes=\"(max-width: 201px) 100vw, 201px\" \/><\/a><\/span><\/span><\/span><\/span><\/span><\/p>\n","protected":false},"excerpt":{"rendered":"<p>Sabah erken kalk\u0131p pansiyonumuzda son enfes kahvalt\u0131m\u0131z\u0131 yap\u0131yoruz. Asl\u0131nda yolumuz \u00e7ok fazla de\u011fil. Ancak yolda yer yer yap\u0131m \u00e7al\u0131\u015fmalar\u0131 oldu\u011funu \u00f6\u011frendi\u011fimizden temkinli davran\u0131yoruz. Amasra-Safranbolu aras\u0131 yakla\u015f\u0131k 80 km. Normal \u015fartlarda en fazla 1 saat s\u00fcr\u00fcyor. E\u015fyalar\u0131m\u0131z\u0131 arac\u0131m\u0131za y\u00fckl\u00fcyor ve yola koyuluyoruz. Yolda neredeyse tek t\u00fck ara\u00e7 g\u00f6r\u00fcyoruz. Haftasonu yo\u011funlu\u011fu kalmam\u0131\u015f, b\u00fcy\u00fck ihtimalle t\u00fcm turlar geldikleri [&hellip;]<\/p>\n","protected":false},"author":71,"featured_media":0,"comment_status":"open","ping_status":"closed","sticky":false,"template":"","format":"standard","meta":[],"categories":[120,71,10],"tags":[139,142,143,145,141,140,146,144,147],"_links":{"self":[{"href":"https:\/\/www.gezipgorduk.com\/index.php\/wp-json\/wp\/v2\/posts\/523"}],"collection":[{"href":"https:\/\/www.gezipgorduk.com\/index.php\/wp-json\/wp\/v2\/posts"}],"about":[{"href":"https:\/\/www.gezipgorduk.com\/index.php\/wp-json\/wp\/v2\/types\/post"}],"author":[{"embeddable":true,"href":"https:\/\/www.gezipgorduk.com\/index.php\/wp-json\/wp\/v2\/users\/71"}],"replies":[{"embeddable":true,"href":"https:\/\/www.gezipgorduk.com\/index.php\/wp-json\/wp\/v2\/comments?post=523"}],"version-history":[{"count":13,"href":"https:\/\/www.gezipgorduk.com\/index.php\/wp-json\/wp\/v2\/posts\/523\/revisions"}],"predecessor-version":[{"id":571,"href":"https:\/\/www.gezipgorduk.com\/index.php\/wp-json\/wp\/v2\/posts\/523\/revisions\/571"}],"wp:attachment":[{"href":"https:\/\/www.gezipgorduk.com\/index.php\/wp-json\/wp\/v2\/media?parent=523"}],"wp:term":[{"taxonomy":"category","embeddable":true,"href":"https:\/\/www.gezipgorduk.com\/index.php\/wp-json\/wp\/v2\/categories?post=523"},{"taxonomy":"post_tag","embeddable":true,"href":"https:\/\/www.gezipgorduk.com\/index.php\/wp-json\/wp\/v2\/tags?post=523"}],"curies":[{"name":"wp","href":"https:\/\/api.w.org\/{rel}","templated":true}]}}