{"id":146,"date":"2008-06-30T17:14:21","date_gmt":"2008-06-30T15:14:21","guid":{"rendered":"http:\/\/www.gezipgorduk.com\/?p=146"},"modified":"2009-05-09T08:54:19","modified_gmt":"2009-05-09T06:54:19","slug":"bmw-welt","status":"publish","type":"post","link":"https:\/\/www.gezipgorduk.com\/index.php\/2008\/06\/30\/bmw-welt\/","title":{"rendered":"BMW Welt"},"content":{"rendered":"<div id=\"attachment_147\" style=\"width: 234px\" class=\"wp-caption aligncenter\"><span class=\"frame-outer  size-medium wp-image-147\"><span><span><span><span><a href=\"http:\/\/www.gezipgorduk.com\/wp-content\/uploads\/2008\/11\/bmwwelt.jpg\"><img aria-describedby=\"caption-attachment-147\" loading=\"lazy\" class=\"size-medium wp-image-147\" title=\"bmwwelt\" src=\"http:\/\/www.gezipgorduk.com\/wp-content\/uploads\/2008\/11\/bmwwelt-224x300.jpg\" alt=\"\" width=\"224\" height=\"300\" srcset=\"https:\/\/www.gezipgorduk.com\/wp-content\/uploads\/2008\/11\/bmwwelt-224x300.jpg 224w, https:\/\/www.gezipgorduk.com\/wp-content\/uploads\/2008\/11\/bmwwelt.jpg 531w\" sizes=\"(max-width: 224px) 100vw, 224px\" \/><\/a><\/span><\/span><\/span><\/span><\/span><p id=\"caption-attachment-147\" class=\"wp-caption-text\">BMW Welt<\/p><\/div>\n<p style=\"text-align: left;\">Arrrggghh!&#8230; Evet..i\u015fte bu..i\u015fte..art\u0131k kalbindeyiz.. Tasar\u0131mc\u0131 Chris Bangle&#8217;a hhi\u00e7 bu kadar yak\u0131n olmam\u0131\u015ft\u0131k. Kalbimiz p\u0131t p\u0131t at\u0131yor. Her an sanki yan\u0131m\u0131zda bitiverecekmi\u015f gibi sa\u011fa sola bak\u0131n\u0131yoruz.<\/p>\n<p style=\"text-align: left;\">Asl\u0131nda bu \u015fehre BMW M\u00fczesi&#8217;ni gezmek i\u00e7in geldik. Yani en az\u0131ndan yola \u00e7\u0131k\u0131\u015f\u0131m\u0131z \u00f6yle oldu. Orada m\u00fczesi var gidelim dedik, yola koyulduk. Navigasyonumuzda BMW Alle diye bir alan var ve ba\u015fka adresi de g\u00f6rm\u00fcyor o sebeple bulmam\u0131z biraz kar\u0131\u015f\u0131k oldu ama siz iyisimi \u015fehir merkezinden bir taksiyle ula\u015f\u0131n :)<\/p>\n<div id=\"attachment_148\" style=\"width: 235px\" class=\"wp-caption aligncenter\"><span class=\"frame-outer  size-medium wp-image-148\"><span><span><span><span><a href=\"http:\/\/www.gezipgorduk.com\/wp-content\/uploads\/2008\/11\/bmwwelt2.jpg\"><img aria-describedby=\"caption-attachment-148\" loading=\"lazy\" class=\"size-medium wp-image-148\" title=\"bmwwelt2\" src=\"http:\/\/www.gezipgorduk.com\/wp-content\/uploads\/2008\/11\/bmwwelt2-225x300.jpg\" alt=\"\" width=\"225\" height=\"300\" srcset=\"https:\/\/www.gezipgorduk.com\/wp-content\/uploads\/2008\/11\/bmwwelt2-225x300.jpg 225w, https:\/\/www.gezipgorduk.com\/wp-content\/uploads\/2008\/11\/bmwwelt2.jpg 532w\" sizes=\"(max-width: 225px) 100vw, 225px\" \/><\/a><\/span><\/span><\/span><\/span><\/span><p id=\"caption-attachment-148\" class=\"wp-caption-text\">BMW Ana Binas\u0131<\/p><\/div>\n<p style=\"text-align: left;\">Karavan\u0131m\u0131z\u0131 b\u00fcy\u00fck olimpik park\u0131n bir k\u00f6\u015fesine park ettikten sonra bir ka\u00e7 ki\u015fiye sorarak yine bu park\u0131n i\u00e7inden ge\u00e7erek b\u00fcy\u00fck BMW kulesine do\u011fru yakla\u015f\u0131yoruz. Bu arada bu park yemye\u015fil ve olduk\u00e7a b\u00fcy\u00fck. Zaman\u0131nda M\u00fcnih olimpiyatlar\u0131 i\u00e7in yap\u0131lm\u0131\u015f bir \u00e7ok tesis ve sporcular\u0131n kald\u0131\u011f\u0131 misafirhaneler yine buralarda dizilmi\u015f. Park\u0131n di\u011fer k\u00f6\u015fesinden \u00e7\u0131karken kar\u015f\u0131m\u0131zda devasa b\u00fcy\u00fckl\u00fc\u011f\u00fcyle BMW kulesi duruyor. &#8220;-\u0130\u015fte budur!&#8221; diyoruz. An\u0131lar\u0131m akl\u0131ma geliyor hemen. Belki de \u015fu an burada olmak vard\u0131? Kim bilir..? Neyse en az\u0131ndan y\u0131llar sonra bile burada ziyaret\u00e7i olarak bulunmakta g\u00fczel. Konuyu da\u011f\u0131tmadan tekrar d\u00f6n\u00fcyorum hemen.. :) Dedik ya m\u00fczeyi gezece\u011fiz, biz ilk kap\u0131dan giriyoruz BMW Welt kap\u0131s\u0131ndan. Bir fuar alan\u0131 gibi d\u00fczenlemi\u015fler. Ama o ne muazzam bir mimari, her\u015fey \u015f\u0131k, k\u00f6t\u00fc bir esteti\u011fe sahip hi\u00e7bir \u015fey yok, buna tuvaletler dahil! Hayat\u0131m\u0131zda g\u00f6rd\u00fc\u011f\u00fcm\u00fcz en \u015f\u0131k tuvaletleri g\u00f6r\u00fcyoruz. Simsiyah mekan, minimalist ve modern mimari, musluk, sabun ve el kurutma gizlenmi\u015f. Elinizi alnaya do\u011fru sokuyorsunuz her\u015fey otomatik \u00e7al\u0131\u015f\u0131yor. Tek kelime muhte\u015fem!<\/p>\n<p>Burada b\u00fct\u00fcn ara\u00e7lar\u0131 incelemeniz m\u00fcmk\u00fcn, lifestyle \u00fcr\u00fcnleri g\u00f6rmeniz ve sat\u0131n alman\u0131z m\u00fcmk\u00fcn. Teknoloji, tasara\u0131m ya da \u00e7evre ile ilgili bir \u00e7ok stand ve sim\u00fclat\u00f6r bulunmakta. Olduk\u00e7a keyifli vakit ge\u00e7irmeniz m\u00fcmk\u00fcn. \u00dcst katlarda ve zemin katta olduk\u00e7a \u015f\u0131k cafe ve restoran\u0131 bulunmakta. Fiyatlar d\u0131\u015far\u0131ya g\u00f6re tabiki y\u00fcksek. Ama mekanlar muhte\u015fem.<\/p>\n<p>\u015eimdi siz m\u00fcze nerede diye soruyorsunuz de\u011fil mi? Bu bizim bahts\u0131z gezimizde m\u00fcze haftaya a\u00e7\u0131lacakm\u0131\u015f. Tadilattaym\u0131\u015f ve yepyeni g\u00f6r\u00fcn\u00fcm\u00fcyle \u00e7ok g\u00fczel olacakm\u0131\u015f. Biz buradan yutkunarak \u00e7\u0131k\u0131yoruz. Art\u0131k birdaha ne zaman yolumuz d\u00fc\u015ferse o zaman m\u00fczeyi gezeriz diyoruz. Arkam\u0131za baka baka tekrar karavan\u0131m\u0131za d\u00f6n\u00fcyoruz. Bahsetti\u011fimiz BMW Welt&#8217;i gezmek \u00fccretsiz. Bilginize.<\/p>\n","protected":false},"excerpt":{"rendered":"<p>Arrrggghh!&#8230; Evet..i\u015fte bu..i\u015fte..art\u0131k kalbindeyiz.. Tasar\u0131mc\u0131 Chris Bangle&#8217;a hhi\u00e7 bu kadar yak\u0131n olmam\u0131\u015ft\u0131k. Kalbimiz p\u0131t p\u0131t at\u0131yor. Her an sanki yan\u0131m\u0131zda bitiverecekmi\u015f gibi sa\u011fa sola bak\u0131n\u0131yoruz. Asl\u0131nda bu \u015fehre BMW M\u00fczesi&#8217;ni gezmek i\u00e7in geldik. Yani en az\u0131ndan yola \u00e7\u0131k\u0131\u015f\u0131m\u0131z \u00f6yle oldu. Orada m\u00fczesi var gidelim dedik, yola koyulduk. Navigasyonumuzda BMW Alle diye bir alan var ve [&hellip;]<\/p>\n","protected":false},"author":71,"featured_media":0,"comment_status":"open","ping_status":"closed","sticky":false,"template":"","format":"standard","meta":[],"categories":[15],"tags":[51,61,55,60],"_links":{"self":[{"href":"https:\/\/www.gezipgorduk.com\/index.php\/wp-json\/wp\/v2\/posts\/146"}],"collection":[{"href":"https:\/\/www.gezipgorduk.com\/index.php\/wp-json\/wp\/v2\/posts"}],"about":[{"href":"https:\/\/www.gezipgorduk.com\/index.php\/wp-json\/wp\/v2\/types\/post"}],"author":[{"embeddable":true,"href":"https:\/\/www.gezipgorduk.com\/index.php\/wp-json\/wp\/v2\/users\/71"}],"replies":[{"embeddable":true,"href":"https:\/\/www.gezipgorduk.com\/index.php\/wp-json\/wp\/v2\/comments?post=146"}],"version-history":[{"count":4,"href":"https:\/\/www.gezipgorduk.com\/index.php\/wp-json\/wp\/v2\/posts\/146\/revisions"}],"predecessor-version":[{"id":440,"href":"https:\/\/www.gezipgorduk.com\/index.php\/wp-json\/wp\/v2\/posts\/146\/revisions\/440"}],"wp:attachment":[{"href":"https:\/\/www.gezipgorduk.com\/index.php\/wp-json\/wp\/v2\/media?parent=146"}],"wp:term":[{"taxonomy":"category","embeddable":true,"href":"https:\/\/www.gezipgorduk.com\/index.php\/wp-json\/wp\/v2\/categories?post=146"},{"taxonomy":"post_tag","embeddable":true,"href":"https:\/\/www.gezipgorduk.com\/index.php\/wp-json\/wp\/v2\/tags?post=146"}],"curies":[{"name":"wp","href":"https:\/\/api.w.org\/{rel}","templated":true}]}}