{"id":134,"date":"2008-06-22T17:07:55","date_gmt":"2008-06-22T15:07:55","guid":{"rendered":"http:\/\/www.gezipgorduk.com\/?p=134"},"modified":"2008-11-10T12:34:12","modified_gmt":"2008-11-10T10:34:12","slug":"meersburg","status":"publish","type":"post","link":"https:\/\/www.gezipgorduk.com\/index.php\/2008\/06\/22\/meersburg\/","title":{"rendered":"Meersburg"},"content":{"rendered":"<p><span class=\"frame-outer  small alignleft size-medium wp-image-138\"><span><span><span><span><a href=\"http:\/\/www.gezipgorduk.com\/wp-content\/uploads\/2008\/11\/meersburgpanorama2.jpg\"><img loading=\"lazy\" class=\"alignleft size-medium wp-image-138\" title=\"meersburgpanorama2\" src=\"http:\/\/www.gezipgorduk.com\/wp-content\/uploads\/2008\/11\/meersburgpanorama2-300x86.jpg\" alt=\"\" width=\"300\" height=\"86\" srcset=\"https:\/\/www.gezipgorduk.com\/wp-content\/uploads\/2008\/11\/meersburgpanorama2-300x86.jpg 300w, https:\/\/www.gezipgorduk.com\/wp-content\/uploads\/2008\/11\/meersburgpanorama2.jpg 1600w\" sizes=\"(max-width: 300px) 100vw, 300px\" \/><\/a><\/span><\/span><\/span><\/span><\/span>Bir sonraki hedefimiz Meersburg. Biraz otoban biraz k\u00f6y yollar\u0131 derken olduk\u00e7a ne\u015feli bir yolculuk yap\u0131yoruz. G\u00f6z\u00fcm\u00fcz s\u00fcrekli d\u0131\u015far\u0131da nereye bakaca\u011f\u0131m\u0131z\u0131 \u015fa\u015f\u0131r\u0131yoruz. Karavan\u0131m\u0131zla virajl\u0131 da\u011f yollar\u0131ndan ilerlerken birden kar\u015f\u0131m\u0131za Bodensee \u00e7\u0131k\u0131yor. Almanya-\u0130svi\u00e7re-Avusturya s\u0131n\u0131r\u0131n\u0131n tam \u00e7atal olu\u015fturdu\u011fu bir noktada kocaman bir g\u00f6l.<\/p>\n<p><span class=\"frame-outer  alignleft size-medium wp-image-137\"><span><span><span><span><a href=\"http:\/\/www.gezipgorduk.com\/wp-content\/uploads\/2008\/11\/meersburg03.jpg\"><img loading=\"lazy\" class=\"alignleft size-medium wp-image-137\" title=\"meersburg03\" src=\"http:\/\/www.gezipgorduk.com\/wp-content\/uploads\/2008\/11\/meersburg03-300x225.jpg\" alt=\"\" width=\"300\" height=\"225\" srcset=\"https:\/\/www.gezipgorduk.com\/wp-content\/uploads\/2008\/11\/meersburg03-300x225.jpg 300w, https:\/\/www.gezipgorduk.com\/wp-content\/uploads\/2008\/11\/meersburg03.jpg 945w\" sizes=\"(max-width: 300px) 100vw, 300px\" \/><\/a><\/span><\/span><\/span><\/span><\/span>&#8221;-Vaayy&#8221;, &#8221;-S\u00fcpermi\u015f\u015f&#8221;, &#8221;-\u00d6ff manzaraya bak&#8221;, s\u00f6zc\u00fckleri bir anda karavan\u0131 dolduruyor. Hakikaten de g\u00f6l\/deniz bir \u015fehrin manzaras\u0131n\u0131 havas\u0131n\u0131 ne kadar da de\u011fi\u015ftiriyor. Olduk\u00e7a k\u00fc\u00e7\u00fck bir \u015fehir buras\u0131, hatta yar\u0131m saatte i\u00e7inde araba ile tur at\u0131p bitirebilece\u011finiz bir yer. Fakat o kadar nostalji ve tarih kokuyor ki, t\u00fcm evler birbirinden g\u00fczel. Hepsi bak\u0131ml\u0131. Karde\u015fim bir evde k\u00f6t\u00fc olsun bari de &#8221;-Bak bunlarda da k\u00f6t\u00fc ev varm\u0131\u015f&#8221; diyelim. Hemen arac\u0131m\u0131z\u0131 \u015fehre biraz tepeden bakan bir noktadaki karavan park alan\u0131na \u00e7ekiyoruz. Y\u00fcr\u00fcye y\u00fcr\u00fcye \u015fehrin meydan\u0131na kadar geliyoruz. S\u00fcrekli deklan\u015f\u00f6re basmaktan neyi \u00e7ekece\u011fimizi \u015fa\u015f\u0131r\u0131yoruz.\u00a0<\/p>\n<p>Bu arada a\u015fa\u011f\u0131 yukar\u0131 t\u00fcm gezdi\u011fimiz yerlerde standlarda \u00e7ilek sat\u0131l\u0131yor. 3 farkl\u0131 boyda, kaseler i\u00e7erisinde bulunuyor ve hemen al\u0131p elinizle yiyorsunuz. Mutlaka yiyin, s\u00fcper lezzetli ve kesinlikle tatl\u0131! Bununda oluru 1.60 Euro. Mekanlar turistle\u015ftik\u00e7e 2.5 Euro&#8217;ya kadar f\u0131rlad\u0131\u011f\u0131n\u0131 g\u00f6rd\u00fck. \u015eehirde gezilecek bir\u00e7ok nokta mevcut. Turizm b\u00fcrosundan alaca\u011f\u0131n\u0131z bro\u015f\u00fcrler size olduk\u00e7a yard\u0131mc\u0131 oluyor, bunu mutlaka al\u0131n. Meersburg Kalesi, \u015eehir m\u00fczesi, Yeni Saray, \u015earap M\u00fczesi,Zeplin m\u00fczesi en \u00e7ok ra\u011fbet g\u00f6renleri. Zaten \u015fehirde kald\u0131\u011f\u0131m\u0131z ilk g\u00fcn tepemizde s\u00fcrekli bir Zeplin tur att\u0131. Burada bulaca\u011f\u0131n\u0131z b\u00fct\u00fcn d\u00fckkanlar ya hediyelik e\u015fya satan bir yer ya da cafe.<\/p>\n<p><span class=\"frame-outer  alignleft size-medium wp-image-136\"><span><span><span><span><a href=\"http:\/\/www.gezipgorduk.com\/wp-content\/uploads\/2008\/11\/meersburg02.jpg\"><img loading=\"lazy\" class=\"alignleft size-medium wp-image-136\" title=\"meersburg02\" src=\"http:\/\/www.gezipgorduk.com\/wp-content\/uploads\/2008\/11\/meersburg02-224x300.jpg\" alt=\"\" width=\"224\" height=\"300\" srcset=\"https:\/\/www.gezipgorduk.com\/wp-content\/uploads\/2008\/11\/meersburg02-224x300.jpg 224w, https:\/\/www.gezipgorduk.com\/wp-content\/uploads\/2008\/11\/meersburg02.jpg 531w\" sizes=\"(max-width: 224px) 100vw, 224px\" \/><\/a><\/span><\/span><\/span><\/span><\/span>Sahile indi\u011finizde t\u00fcm sahil \u015feridi boyunca yine muhte\u015fem g\u00f6l ve ada manzaral\u0131 cafeler bulunuyor. Defalarca tur att\u0131k, her soka\u011f\u0131 tek tek dola\u015ft\u0131k. Keyif al\u0131yorsunuz dola\u015f\u0131rken ve kendinize nas\u0131l bu kadar orjinal ve temiz kalmay\u0131 ba\u015farabiliyorlar diye soruyorsunuz. Yani adamlar \u015fehri sahile paralel de\u011fil dikine b\u00fcy\u00fctm\u00fc\u015fler ve kimsede ben apartman dikmek istiyorum, buraya otel dikmek istiyorum dememi\u015f.! Off of.. Neyse konumuza d\u00f6nelim tekrar. Sahil kenar\u0131nda en u\u00e7 k\u0131s\u0131mda Konstanz \u015fehrine motorlar \u00e7al\u0131\u015f\u0131yor. Yakla\u015f\u0131k her 1 satte bir kalk\u0131yor. Buray\u0131 \u00f6zellikle romantik ve sakin bir tatili tercih edeceklere \u00f6neriyoruz. Herkes bisiklet kullan\u0131yor. Sanki bebe\u011fini alan gelmi\u015f. Etraf bisikletli aileler kayn\u0131yor. Burada tek sevmedi\u011fimiz hi\u00e7kimsenin bir \u00fcr\u00fcn al\u0131rken sizinle pazarl\u0131k yapmamas\u0131 ve burnundan k\u0131l ald\u0131rmamas\u0131. \u0130ndirim yap\u0131n dedi\u011finizde size sanki onlara k\u00fcfretmi\u015fsiniz gibi bak\u0131yorlar ve olduk\u00e7a sinirli konu\u015fmaya ba\u015fl\u0131yorlar. Fiyatlara bu y\u00fczden almadan \u00f6nce bir ka\u00e7 yerden bakmakta fayda var.<\/p>\n<p>\u00a0<\/p>\n<div class=\"post-body entry-content\"><span class=\"frame-outer  alignleft size-medium wp-image-135\"><span><span><span><span><a href=\"http:\/\/www.gezipgorduk.com\/wp-content\/uploads\/2008\/11\/meersburg01.jpg\"><img loading=\"lazy\" class=\"alignleft size-medium wp-image-135\" title=\"meersburg01\" src=\"http:\/\/www.gezipgorduk.com\/wp-content\/uploads\/2008\/11\/meersburg01-300x213.jpg\" alt=\"\" width=\"300\" height=\"213\" srcset=\"https:\/\/www.gezipgorduk.com\/wp-content\/uploads\/2008\/11\/meersburg01-300x213.jpg 300w, https:\/\/www.gezipgorduk.com\/wp-content\/uploads\/2008\/11\/meersburg01.jpg 995w\" sizes=\"(max-width: 300px) 100vw, 300px\" \/><\/a><\/span><\/span><\/span><\/span><\/span>Biz burada Meersburg \u015eatosu&#8217;nu gezdik. 7.yy. da yap\u0131lan bu kale tam bir orta\u00e7a\u011f kalesi ve aynen korunuyor bizden de alk\u0131\u015f\u0131 hakediyor. \u0130\u00e7eri giri\u015f 4 ki\u015fi i\u00e7in 34 Euro. Ayr\u0131ca her yar\u0131m satte bir bir g\u00f6revli kalenin normalde giremedi\u011finiz de\u011fi\u015fik yerlerine de g\u00f6t\u00fcr\u00fcyor ve anlat\u0131yor. Kale i\u00e7erisinde ayr\u0131ca cafe ve restorant mevcut. Dileyenler burada da g\u00fczel manzara e\u015fli\u011finde lezzetli bir yemek yiyebilirler. Unutmadan kalenin kulesini Nisan ay\u0131ndan Ekim ay\u0131na kadar gezebiliyorsunuz. Di\u011fer zamanlarda kapal\u0131 tutuluyor. \u015eehrin her noktas\u0131nda bir\u00e7ok otel motel bulunmakta. \u0130ki ki\u015filik oda fiyatlar\u0131 ortalama 60-80 euro civar\u0131nda kahvalt\u0131 dahil. Yine bu bro\u015f\u00fcrleri Turizm b\u00fcrosundan alabilirsiniz.<\/div>\n","protected":false},"excerpt":{"rendered":"<p>Bir sonraki hedefimiz Meersburg. Biraz otoban biraz k\u00f6y yollar\u0131 derken olduk\u00e7a ne\u015feli bir yolculuk yap\u0131yoruz. G\u00f6z\u00fcm\u00fcz s\u00fcrekli d\u0131\u015far\u0131da nereye bakaca\u011f\u0131m\u0131z\u0131 \u015fa\u015f\u0131r\u0131yoruz. Karavan\u0131m\u0131zla virajl\u0131 da\u011f yollar\u0131ndan ilerlerken birden kar\u015f\u0131m\u0131za Bodensee \u00e7\u0131k\u0131yor. Almanya-\u0130svi\u00e7re-Avusturya s\u0131n\u0131r\u0131n\u0131n tam \u00e7atal olu\u015fturdu\u011fu bir noktada kocaman bir g\u00f6l. &#8221;-Vaayy&#8221;, &#8221;-S\u00fcpermi\u015f\u015f&#8221;, &#8221;-\u00d6ff manzaraya bak&#8221;, s\u00f6zc\u00fckleri bir anda karavan\u0131 dolduruyor. Hakikaten de g\u00f6l\/deniz bir \u015fehrin [&hellip;]<\/p>\n","protected":false},"author":71,"featured_media":0,"comment_status":"open","ping_status":"closed","sticky":false,"template":"","format":"standard","meta":[],"categories":[15],"tags":[51,55,58],"_links":{"self":[{"href":"https:\/\/www.gezipgorduk.com\/index.php\/wp-json\/wp\/v2\/posts\/134"}],"collection":[{"href":"https:\/\/www.gezipgorduk.com\/index.php\/wp-json\/wp\/v2\/posts"}],"about":[{"href":"https:\/\/www.gezipgorduk.com\/index.php\/wp-json\/wp\/v2\/types\/post"}],"author":[{"embeddable":true,"href":"https:\/\/www.gezipgorduk.com\/index.php\/wp-json\/wp\/v2\/users\/71"}],"replies":[{"embeddable":true,"href":"https:\/\/www.gezipgorduk.com\/index.php\/wp-json\/wp\/v2\/comments?post=134"}],"version-history":[{"count":2,"href":"https:\/\/www.gezipgorduk.com\/index.php\/wp-json\/wp\/v2\/posts\/134\/revisions"}],"predecessor-version":[{"id":208,"href":"https:\/\/www.gezipgorduk.com\/index.php\/wp-json\/wp\/v2\/posts\/134\/revisions\/208"}],"wp:attachment":[{"href":"https:\/\/www.gezipgorduk.com\/index.php\/wp-json\/wp\/v2\/media?parent=134"}],"wp:term":[{"taxonomy":"category","embeddable":true,"href":"https:\/\/www.gezipgorduk.com\/index.php\/wp-json\/wp\/v2\/categories?post=134"},{"taxonomy":"post_tag","embeddable":true,"href":"https:\/\/www.gezipgorduk.com\/index.php\/wp-json\/wp\/v2\/tags?post=134"}],"curies":[{"name":"wp","href":"https:\/\/api.w.org\/{rel}","templated":true}]}}