{"id":118,"date":"2008-06-20T16:53:01","date_gmt":"2008-06-20T14:53:01","guid":{"rendered":"http:\/\/www.gezipgorduk.com\/?p=118"},"modified":"2008-11-10T12:35:08","modified_gmt":"2008-11-10T10:35:08","slug":"karavan-ile-almanya-turu","status":"publish","type":"post","link":"https:\/\/www.gezipgorduk.com\/index.php\/2008\/06\/20\/karavan-ile-almanya-turu\/","title":{"rendered":"Karavan ile Almanya Turu"},"content":{"rendered":"<p><span class=\"frame-outer  alignleft size-medium wp-image-119\"><span><span><span><span><a href=\"http:\/\/www.gezipgorduk.com\/wp-content\/uploads\/2008\/11\/almanyaturu.jpg\"><img loading=\"lazy\" class=\"alignleft size-medium wp-image-119\" title=\"almanyaturu\" src=\"http:\/\/www.gezipgorduk.com\/wp-content\/uploads\/2008\/11\/almanyaturu-224x300.jpg\" alt=\"\" width=\"224\" height=\"300\" srcset=\"https:\/\/www.gezipgorduk.com\/wp-content\/uploads\/2008\/11\/almanyaturu-224x300.jpg 224w, https:\/\/www.gezipgorduk.com\/wp-content\/uploads\/2008\/11\/almanyaturu.jpg 734w\" sizes=\"(max-width: 224px) 100vw, 224px\" \/><\/a><\/span><\/span><\/span><\/span><\/span>Hava so\u011fuk. T\u00fcrkiye&#8217;nin s\u0131cak havas\u0131n\u0131 geride b\u0131rak\u0131p Almanya&#8217;n\u0131n so\u011fuk ikliminde buluyoruz kendimizi. Bir hafta s\u00fcrecek olan karavan ile seyahatimize bir s\u00fcredir haz\u0131rlan\u0131yoruz. Rotalar, planlar&#8230;Fakat bir\u015feyi unutuyoruz? Avrupa futbol \u015fampiyonas\u0131! H\u0131rvatlar, \u00c7ekler, Amlanlar, T\u00fcrkler, \u0130talyanlar, Hollandal\u0131lar, heryer bayraklar, flamalar ile dolu.T\u00fcm otomobillerde bayraklar sallan\u0131yor. Bu sebeple Almanya&#8217;ya iner inmez yo\u011fun trafikten dolay\u0131 yeni bir rota \u00e7izmek durumunda kal\u0131yoruz.<\/p>\n<p>Turumuz yakla\u015f\u0131k 1700 km s\u00fcrd\u00fc. Bu s\u00fcre i\u00e7erisinde t\u00fcm konaklamar\u0131m\u0131z karavan\u0131m\u0131zda oldu. Zaten yola \u00e7\u0131kmadan \u00f6nce t\u00fcm erzaklar\u0131 dolduruyorsunuz istedi\u011finiz kadar, bol bol yer mevcut. Arac\u0131m\u0131z 6 ki\u015filik. G\u00fcnl\u00fck kiras\u0131 85 Euro. (T\u00fcrkiyede ara\u015ft\u0131rd\u0131\u011f\u0131m\u0131zda g\u00fcnl\u00fck kira bedeli 280 Ytl gibi u\u00e7uk rakamlar s\u00f6ylemi\u015flerdi. Ki \u00fclkemizde konaklama g\u00fcvenlik ve hizmet noktalar\u0131nda olduk\u00e7a fazla s\u0131k\u0131nt\u0131 mevcut) Avrupaki t\u00fcm geli\u015fmi\u015f \u00fclkelerde karavan ile seyahat olduk\u00e7a rahat \u00e7\u00fcnk\u00fc s\u00fcrekli durup dinlenebilece\u011finiz park alanlar\u0131 istasyonlar k\u0131sacas\u0131 neye ihtiyac\u0131n\u0131z varsa hepsini temin etmeniz m\u00fcmk\u00fcn ve en \u00f6nemlisi en az\u0131ndan Almanya&#8217;da hi\u00e7bir tehlike ile kar\u015f\u0131la\u015fmadan geceleri konaklama yapabiliyorsunuz.<\/p>\n<p><span class=\"frame-outer  alignleft size-medium wp-image-120\"><span><span><span><span><a href=\"http:\/\/www.gezipgorduk.com\/wp-content\/uploads\/2008\/11\/wohnmobile.jpg\"><img loading=\"lazy\" class=\"alignleft size-medium wp-image-120\" title=\"wohnmobile\" src=\"http:\/\/www.gezipgorduk.com\/wp-content\/uploads\/2008\/11\/wohnmobile-300x185.jpg\" alt=\"\" width=\"300\" height=\"185\" srcset=\"https:\/\/www.gezipgorduk.com\/wp-content\/uploads\/2008\/11\/wohnmobile-300x185.jpg 300w, https:\/\/www.gezipgorduk.com\/wp-content\/uploads\/2008\/11\/wohnmobile.jpg 1147w\" sizes=\"(max-width: 300px) 100vw, 300px\" \/><\/a><\/span><\/span><\/span><\/span><\/span>Avrupada olduk\u00e7a yayg\u0131n olan bu tatil tarz\u0131ndan dolay\u0131 bir\u00e7ok yerde kiralanacak ara\u00e7 bulunam\u0131yor bu sebeple ba\u011flant\u0131lar\u0131n\u0131z\u0131 ay belki de aylar \u00f6ncesinden yapman\u0131z gerekebilir. \u00d6zellikle okullar\u0131n tatil oldu\u011fu bu g\u00fcnlere kalmamakta fayda var.<\/p>\n","protected":false},"excerpt":{"rendered":"<p>Hava so\u011fuk. T\u00fcrkiye&#8217;nin s\u0131cak havas\u0131n\u0131 geride b\u0131rak\u0131p Almanya&#8217;n\u0131n so\u011fuk ikliminde buluyoruz kendimizi. Bir hafta s\u00fcrecek olan karavan ile seyahatimize bir s\u00fcredir haz\u0131rlan\u0131yoruz. Rotalar, planlar&#8230;Fakat bir\u015feyi unutuyoruz? Avrupa futbol \u015fampiyonas\u0131! H\u0131rvatlar, \u00c7ekler, Amlanlar, T\u00fcrkler, \u0130talyanlar, Hollandal\u0131lar, heryer bayraklar, flamalar ile dolu.T\u00fcm otomobillerde bayraklar sallan\u0131yor. Bu sebeple Almanya&#8217;ya iner inmez yo\u011fun trafikten dolay\u0131 yeni bir rota \u00e7izmek [&hellip;]<\/p>\n","protected":false},"author":71,"featured_media":0,"comment_status":"open","ping_status":"closed","sticky":false,"template":"","format":"standard","meta":[],"categories":[15],"tags":[51,52,53,54],"_links":{"self":[{"href":"https:\/\/www.gezipgorduk.com\/index.php\/wp-json\/wp\/v2\/posts\/118"}],"collection":[{"href":"https:\/\/www.gezipgorduk.com\/index.php\/wp-json\/wp\/v2\/posts"}],"about":[{"href":"https:\/\/www.gezipgorduk.com\/index.php\/wp-json\/wp\/v2\/types\/post"}],"author":[{"embeddable":true,"href":"https:\/\/www.gezipgorduk.com\/index.php\/wp-json\/wp\/v2\/users\/71"}],"replies":[{"embeddable":true,"href":"https:\/\/www.gezipgorduk.com\/index.php\/wp-json\/wp\/v2\/comments?post=118"}],"version-history":[{"count":2,"href":"https:\/\/www.gezipgorduk.com\/index.php\/wp-json\/wp\/v2\/posts\/118\/revisions"}],"predecessor-version":[{"id":211,"href":"https:\/\/www.gezipgorduk.com\/index.php\/wp-json\/wp\/v2\/posts\/118\/revisions\/211"}],"wp:attachment":[{"href":"https:\/\/www.gezipgorduk.com\/index.php\/wp-json\/wp\/v2\/media?parent=118"}],"wp:term":[{"taxonomy":"category","embeddable":true,"href":"https:\/\/www.gezipgorduk.com\/index.php\/wp-json\/wp\/v2\/categories?post=118"},{"taxonomy":"post_tag","embeddable":true,"href":"https:\/\/www.gezipgorduk.com\/index.php\/wp-json\/wp\/v2\/tags?post=118"}],"curies":[{"name":"wp","href":"https:\/\/api.w.org\/{rel}","templated":true}]}}