{"id":1110,"date":"2011-07-11T23:10:43","date_gmt":"2011-07-11T21:10:43","guid":{"rendered":"http:\/\/www.gezipgorduk.com\/?p=1110"},"modified":"2011-07-11T23:18:47","modified_gmt":"2011-07-11T21:18:47","slug":"balkan-gezisi-4-bolum-klis-split-dubrovnik-2-bolum","status":"publish","type":"post","link":"https:\/\/www.gezipgorduk.com\/index.php\/2011\/07\/11\/balkan-gezisi-4-bolum-klis-split-dubrovnik-2-bolum\/","title":{"rendered":"Balkan Gezisi 4. B\u00f6l\u00fcm: \u2018Klis, Split, Dubrovnik(2)\u2019"},"content":{"rendered":"<p><span class=\"frame-outer  aligncenter size-medium wp-image-1113\"><span><span><span><span><a href=\"http:\/\/www.gezipgorduk.com\/wp-content\/uploads\/DSC_0531.jpg\"><img loading=\"lazy\" class=\"aligncenter size-medium wp-image-1113\" title=\"DSC_0531\" src=\"http:\/\/www.gezipgorduk.com\/wp-content\/uploads\/DSC_0531-300x200.jpg\" alt=\"\" width=\"300\" height=\"200\" srcset=\"https:\/\/www.gezipgorduk.com\/wp-content\/uploads\/DSC_0531-300x200.jpg 300w, https:\/\/www.gezipgorduk.com\/wp-content\/uploads\/DSC_0531-1024x685.jpg 1024w, https:\/\/www.gezipgorduk.com\/wp-content\/uploads\/DSC_0531.jpg 1500w\" sizes=\"(max-width: 300px) 100vw, 300px\" \/><\/a><\/span><\/span><\/span><\/span><\/span><\/p>\n<p><a href=\"http:\/\/www.gezipgorduk.com\/wp-content\/uploads\/DSC_0531.jpg\"><\/a><span class=\"frame-outer  aligncenter size-medium wp-image-1112\"><span><span><span><span><a href=\"http:\/\/www.gezipgorduk.com\/wp-content\/uploads\/DSC_0529.jpg\"><img loading=\"lazy\" class=\"aligncenter size-medium wp-image-1112\" title=\"DSC_0529\" src=\"http:\/\/www.gezipgorduk.com\/wp-content\/uploads\/DSC_0529-300x200.jpg\" alt=\"\" width=\"300\" height=\"200\" srcset=\"https:\/\/www.gezipgorduk.com\/wp-content\/uploads\/DSC_0529-300x200.jpg 300w, https:\/\/www.gezipgorduk.com\/wp-content\/uploads\/DSC_0529-1024x685.jpg 1024w, https:\/\/www.gezipgorduk.com\/wp-content\/uploads\/DSC_0529.jpg 1500w\" sizes=\"(max-width: 300px) 100vw, 300px\" \/><\/a><\/span><\/span><\/span><\/span><\/span><\/p>\n<p><em><\/em><em><a href=\"http:\/\/www.gezipgorduk.com\/index.php\/2011\/06\/02\/balkan-gezisi-3-bolum-karadag-herceg-novi-kotor\/\" target=\"_blank\">\u00dc\u00e7\u00fcnc\u00fc b\u00f6l\u00fcm\u00fc ka\u00e7\u0131ranlar buraya t\u0131klay\u0131n :)<\/a><\/em><\/p>\n<p>Otelde yapt\u0131\u011f\u0131m\u0131z g\u00fczel kahvalt\u0131n\u0131n ard\u0131ndan otobandan 4 saat s\u00fcrecek olan yolculu\u011fumuza \u00e7ok ge\u00e7 olmadan \u00e7\u0131kmak istiyoruz. Malum bebekler ile bu yolculu\u011fun 5-6 saate \u00e7\u0131kma riski var, bir de hava s\u0131cak ara\u00e7 i\u00e7erisinde s\u0131cakl\u0131k artt\u0131k\u00e7a bebek huysuzlu\u011fu da art\u0131yor. O sebeple vakitli gidip ge\u00e7 saatte d\u00f6nmek bu gibi yolculuklarda en g\u00fczel kural. :)<\/p>\n<p>Otobana ula\u015fabilmek i\u00e7in sahilden ilerlemeye ba\u015fl\u0131yoruz. Malum, virajl\u0131 diye bahsetmi\u015ftik. Yine s\u0131n\u0131r kontrollerinden ge\u00e7ip k\u0131sa bir s\u00fcre Bosna-Hersek topraklar\u0131na girip \u00e7\u0131k\u0131yoruz. Bu 15 km uzunlu\u011fundaki k\u0131sa Bosna Hersek sahili sava\u015f sonras\u0131nda Bosna\u2019n\u0131n hi\u00e7 denize a\u00e7\u0131lan kap\u0131s\u0131n\u0131n kalmamas\u0131yla anla\u015fmalar \u00fczerine verilmi\u015f ve b\u00f6ylece Adriyatik denizine a\u00e7\u0131lan bir kap\u0131s\u0131 olmu\u015f.<\/p>\n<p>Tekrar H\u0131rvatistan topraklar\u0131na giriyoruz ilerliyoruz. Kar\u015f\u0131m\u0131za otoban tabelalar\u0131 \u00e7\u0131k\u0131yor, takip ediyoruz, s\u00fcre ilerliyor, yine otoban tabelalar\u0131 \u00e7\u0131k\u0131yor.. Yol bi g\u00fczelle\u015fiyor bir k\u00f6t\u00fcle\u015fiyor derken k\u00f6y i\u00e7lerinden ge\u00e7meye ba\u015fl\u0131yoruz. Neyse uzatmayal\u0131m yol bitiyor, toprak yolda ilerlemeye ba\u015fl\u0131yoruz. Yanl\u0131\u015f m\u0131 gidiyoruz diyoruz ama yok, hala kar\u015f\u0131m\u0131zda otoban tabelas\u0131 var sa\u011f\u0131 g\u00f6steriyor. Hay bin kunduz! :) Biz otobana ula\u015fana kadar zaten iki saat ge\u00e7iyor. Me\u011fer otoban\u0131n bir k\u0131sm\u0131 yap\u0131m a\u015famas\u0131ndaym\u0131\u015f. Kalan k\u0131s\u0131m gayet g\u00fczel ve d\u00fczg\u00fcn, bundan sonras\u0131n\u0131 bas\u0131p Split\u2019e do\u011fru ileriyoruz.<\/p>\n<p style=\"text-align: center;\"><span class=\"frame-outer  small aligncenter\"><span><span><span><span><a href=\"http:\/\/www.gezipgorduk.com\/wp-content\/uploads\/klis_panorama.jpg\"><img loading=\"lazy\" class=\"aligncenter\" title=\"klis_panorama\" src=\"http:\/\/www.gezipgorduk.com\/wp-content\/uploads\/klis_panorama-300x48.jpg\" alt=\"\" width=\"300\" height=\"48\" \/><\/a><\/span><\/span><\/span><\/span><\/span><\/p>\n<p>Ancak Split yolu \u00fczerinde u\u011frayaca\u011f\u0131m\u0131z bir yer daha var: \u2018Klis\u2019 . :)<\/p>\n<p><strong>Klis<\/strong><\/p>\n<p>\u015eu anda k\u00fc\u00e7\u00fck bir k\u00f6y ve tarihi kaleden ibaret. 16.YY.\u2019da Osmanl\u0131 \u0130mparatorlu\u011fu buralara kadar gelmi\u015f ve Klis kalesini almak i\u00e7in u\u011fra\u015f vermi\u015fler. Bir ka\u00e7 defa geri p\u00fcsk\u00fcrtm\u00fc\u015f \u0130mparator Peter Kruzic kaleyi savunmu\u015f ve vermemi\u015f, ne zaman ki imparator \u00f6lm\u00fc\u015f, kalenin zay\u0131flayan savunmas\u0131yla beraber ele ge\u00e7irmi\u015fiz ve 111 y\u0131l boyunca bizimkiler buralar\u0131 y\u00f6netmi\u015fler.<\/p>\n<p style=\"text-align: center;\"><span class=\"frame-outer  aligncenter\"><span><span><span><span><a href=\"http:\/\/www.gezipgorduk.com\/wp-content\/uploads\/DSC_0571.jpg\"><img loading=\"lazy\" class=\"aligncenter\" title=\"DSC_0571\" src=\"http:\/\/www.gezipgorduk.com\/wp-content\/uploads\/DSC_0571-200x300.jpg\" alt=\"\" width=\"200\" height=\"300\" \/><\/a><\/span><\/span><\/span><\/span><\/span><\/p>\n<p>Bizim, arabayla 4 saatte Dubrovnik\u2019ten buraya ula\u015ft\u0131\u011f\u0131m\u0131z\u0131 d\u00fc\u015f\u00fcn\u00fcnce, tepeden vadiye ve \u00f6n\u00fcm\u00fczdeki Split \u015fehrine bakarken binlerce asker, toplar, atlar ile ne kadar zor bir i\u015f ba\u015fard\u0131klar\u0131na tan\u0131k olduk. Kale i\u00e7erisine giri\u015f \u00fccretli yeti\u015fkin 10 Kuna, \u00e7ocuklar 5 kuna. Kendinden bezmi\u015f bir g\u00f6revli oturuyor kap\u0131s\u0131nda, bilet kar\u015f\u0131l\u0131\u011f\u0131nda bir ka\u00e7 dilde bas\u0131lm\u0131\u015f bro\u015f\u00fcr veriyor.<\/p>\n<p>Kalenin, vadilerin aras\u0131nda Adriyatik ve Split \u015fehrine hakim konumda. B\u00fcy\u00fck bir k\u0131sm\u0131 hala g\u00fczel ve ayakta kalm\u0131\u015f. Restore edilen ve tahminimizce biz oradayken a\u00e7\u0131k olmayan bir de cafe k\u0131sm\u0131 var. Split\u2019e giderken durup d\u00fc\u015f\u00fcnmek ve manzaran\u0131n tad\u0131n\u0131 \u00e7\u0131kartmak i\u00e7in olduk\u00e7a g\u00fczel bir gezi noktas\u0131. Bebekleri beslyeip biraz oksijen ald\u0131ktan sonra Split\u2019e olan yolculu\u011fumuz devam ediyor ama art\u0131k yoku\u015fu indikten sonra \u015fehre varaca\u011f\u0131z.<\/p>\n<p style=\"text-align: center;\"><span class=\"frame-outer  aligncenter\"><span><span><span><span><a href=\"http:\/\/www.gezipgorduk.com\/wp-content\/uploads\/DSC_0574.jpg\"><img loading=\"lazy\" class=\"aligncenter\" title=\"DSC_0574\" src=\"http:\/\/www.gezipgorduk.com\/wp-content\/uploads\/DSC_0574-200x300.jpg\" alt=\"\" width=\"200\" height=\"300\" \/><\/a><\/span><\/span><\/span><\/span><\/span><\/p>\n<p style=\"text-align: center;\"><span class=\"frame-outer  aligncenter\"><span><span><span><span><a href=\"http:\/\/www.gezipgorduk.com\/wp-content\/uploads\/DSC_0572.jpg\"><img loading=\"lazy\" class=\"aligncenter\" title=\"DSC_0572\" src=\"http:\/\/www.gezipgorduk.com\/wp-content\/uploads\/DSC_0572-300x200.jpg\" alt=\"\" width=\"300\" height=\"200\" \/><\/a><\/span><\/span><\/span><\/span><\/span><\/p>\n<p><strong>Split<\/strong><\/p>\n<p>Birka\u00e7 g\u00fcnd\u00fcr unuttu\u011fumuz trafik bizi Split\u2019te kar\u015f\u0131l\u0131yor. I\u015f\u0131klarda beklemek, \u015fehir kaosu b\u00fcy\u00fck bir yere geldi\u011fimizin ilk belirtileri. Dura kalka ilerlerken nereye gidece\u011fimiz bir anda bilemiyoruz. Asl\u0131nda navigasyon g\u00f6steriyor ancak Polis karakolunu g\u00f6r\u00fcnce bir de onlara soral\u0131m diyoruz, merkez nerededir diye. Hayat\u0131m\u0131zda konu\u015ftu\u011fumuz en uyuz Polis\u2019ti san\u0131r\u0131m. Sorumuzun cevab\u0131 olarak eliyle sadece \u2018-\u015f\u00f6yle git!\u2019 i\u015fareti yapt\u0131. Ama biz biraz ilerleyip bir de normal insana sorup teyidimizi ald\u0131k :)<\/p>\n<p style=\"text-align: center;\"><span class=\"frame-outer  aligncenter\"><span><span><span><span><a href=\"http:\/\/www.gezipgorduk.com\/wp-content\/uploads\/DSC_0603.jpg\"><img loading=\"lazy\" class=\"aligncenter\" title=\"DSC_0603\" src=\"http:\/\/www.gezipgorduk.com\/wp-content\/uploads\/DSC_0603-300x200.jpg\" alt=\"\" width=\"300\" height=\"200\" \/><\/a><\/span><\/span><\/span><\/span><\/span><\/p>\n<p style=\"text-align: center;\"><span class=\"frame-outer  aligncenter\"><span><span><span><span><a href=\"http:\/\/www.gezipgorduk.com\/wp-content\/uploads\/DSC_0600.jpg\"><img loading=\"lazy\" class=\"aligncenter\" title=\"DSC_0600\" src=\"http:\/\/www.gezipgorduk.com\/wp-content\/uploads\/DSC_0600-200x300.jpg\" alt=\"\" width=\"200\" height=\"300\" \/><\/a><\/span><\/span><\/span><\/span><\/span><\/p>\n<p>Buldu\u011fumuz a\u00e7\u0131k ve g\u00fczel bir otoparka arac\u0131m\u0131z\u0131 park ettik. Sahile 15 dk. y\u00fcr\u00fcy\u00fc\u015f mesafesinde oldu\u011fumuzu y\u00fcr\u00fcd\u00fckten sonra anlad\u0131k. Eski sokaklar\u0131n aras\u0131ndan k\u0131vr\u0131la k\u0131vr\u0131la \u0130zmir\u2019in kordon gibi g\u00fczel bir d\u00fczl\u00fc\u011fe \u00e7\u0131kt\u0131k. Bir yan\u0131m\u0131zda cafeler, di\u011fer yanda deniz. Hemen cafelerin arkas\u0131 asl\u0131nda Old City dedi\u011fimiz tarihi evler ve kalesi. Bir ka\u00e7 saat boyunca buradaki g\u00fczel sokaklar\u0131 gezdik, \u015fehir b\u00fcy\u00fckl\u00fc\u011f\u00fcnden olsa gerek olduk\u00e7a kozmopolit insanlardan olu\u015fuyordu. Dilencisinden, \u00f6\u011frencisine, pazarc\u0131 esnaf\u0131ndan, alkoli\u011fine bir \u00e7ok ki\u015fi g\u00f6rmeniz m\u00fcmk\u00fcn. Kale i\u00e7erisinde gezerken rastlad\u0131\u011f\u0131m\u0131z turist ofisine u\u011fray\u0131p \u00fccretsiz birer harita ve bilgi al\u0131yoruz. Kad\u0131n g\u00f6revli bizim g\u00f6rd\u00fcklerimizden farkl\u0131 bir\u015fey s\u00f6ylemiyor ve bizde ona geleneksel tadlar\u0131 nerede alabilece\u011fimizi soruyoruz.<\/p>\n<p style=\"text-align: center;\"><span class=\"frame-outer  aligncenter size-medium wp-image-1133\"><span><span><span><span><a href=\"http:\/\/www.gezipgorduk.com\/wp-content\/uploads\/DSC_0628.jpg\"><img loading=\"lazy\" class=\"aligncenter size-medium wp-image-1133\" title=\"DSC_0628\" src=\"http:\/\/www.gezipgorduk.com\/wp-content\/uploads\/DSC_0628-300x200.jpg\" alt=\"\" width=\"300\" height=\"200\" srcset=\"https:\/\/www.gezipgorduk.com\/wp-content\/uploads\/DSC_0628-300x200.jpg 300w, https:\/\/www.gezipgorduk.com\/wp-content\/uploads\/DSC_0628-1024x685.jpg 1024w, https:\/\/www.gezipgorduk.com\/wp-content\/uploads\/DSC_0628.jpg 1500w\" sizes=\"(max-width: 300px) 100vw, 300px\" \/><\/a><\/span><\/span><\/span><\/span><\/span><span class=\"frame-outer  aligncenter size-medium wp-image-1134\"><span><span><span><span><a href=\"http:\/\/www.gezipgorduk.com\/wp-content\/uploads\/DSC_0630.jpg\"><img loading=\"lazy\" class=\"aligncenter size-medium wp-image-1134\" title=\"DSC_0630\" src=\"http:\/\/www.gezipgorduk.com\/wp-content\/uploads\/DSC_0630-300x200.jpg\" alt=\"\" width=\"300\" height=\"200\" srcset=\"https:\/\/www.gezipgorduk.com\/wp-content\/uploads\/DSC_0630-300x200.jpg 300w, https:\/\/www.gezipgorduk.com\/wp-content\/uploads\/DSC_0630-1024x685.jpg 1024w, https:\/\/www.gezipgorduk.com\/wp-content\/uploads\/DSC_0630.jpg 1500w\" sizes=\"(max-width: 300px) 100vw, 300px\" \/><\/a><\/span><\/span><\/span><\/span><\/span><\/p>\n<p>Kad\u0131n\u0131n verdi\u011fi 3 adrese de gidiyoruz ancak ilk ikisinin yerine yeller esiyor. 3. Olan Sperun ad\u0131nda bir lokanta. G\u00fczel \u015firin ve lezzetli g\u00f6z\u00fck\u00fcyor. \u00d6zel bir bal\u0131k yeme\u011fi sipari\u015f ediyoruz oraya has. Yemek de\u011filde bir nevi \u00e7orba gibi geliyor. Bal\u0131k b\u00fcy\u00fck par\u00e7a ve k\u0131l\u00e7\u0131kl\u0131 oldu\u011fundan yemesi zahmetliydi. Ancak olduk\u00e7a lezzetli ve neredeyse sadece ekmek banarak bile yenilebilecek kadar g\u00fczel yemek suyu vard\u0131.<\/p>\n<p style=\"text-align: center;\"><span class=\"frame-outer  aligncenter\"><span><span><span><span><a href=\"http:\/\/www.gezipgorduk.com\/wp-content\/uploads\/DSC_0618.jpg\"><img loading=\"lazy\" class=\"aligncenter\" title=\"DSC_0618\" src=\"http:\/\/www.gezipgorduk.com\/wp-content\/uploads\/DSC_0618-200x300.jpg\" alt=\"\" width=\"200\" height=\"300\" \/><\/a><\/span><\/span><\/span><\/span><\/span><\/p>\n<p style=\"text-align: center;\"><span class=\"frame-outer  aligncenter\"><span><span><span><span><a href=\"http:\/\/www.gezipgorduk.com\/wp-content\/uploads\/DSC_0633.jpg\"><img loading=\"lazy\" class=\"aligncenter\" title=\"DSC_0633\" src=\"http:\/\/www.gezipgorduk.com\/wp-content\/uploads\/DSC_0633-300x200.jpg\" alt=\"\" width=\"300\" height=\"200\" \/><\/a><\/span><\/span><\/span><\/span><\/span><\/p>\n<p>Yeme\u011fimizi yedikten sonra turizm b\u00fcrosundaki kad\u0131n\u0131n s\u00f6yledi\u011fi seyir tepesine do\u011fru gidiyoruz. Ormanla kapl\u0131 bu tepede seyir teras\u0131 gibi bir alan olu\u015fturulmu\u015f ve burada \u015fehre tepeden bakabiliyorsunuz. Ayn\u0131 zamanda orada bulunan cafelerde manzara e\u015fli\u011finde bir\u015feyler yiyip i\u00e7ebilirsiniz. Biz havan\u0131n serinlemesiyle \u00e7ayda karar k\u0131l\u0131p, k\u00f6t\u00fc birer \u00e7ay i\u00e7ip ak\u015fam 8 gibi geri d\u00f6n\u00fc\u015f yolculu\u011funa \u00e7\u0131k\u0131yoruz.<\/p>\n<p style=\"text-align: center;\"><span class=\"frame-outer  aligncenter\"><span><span><span><span><a href=\"http:\/\/www.gezipgorduk.com\/wp-content\/uploads\/DSC_0620.jpg\"><img loading=\"lazy\" class=\"aligncenter\" title=\"DSC_0620\" src=\"http:\/\/www.gezipgorduk.com\/wp-content\/uploads\/DSC_0620-300x200.jpg\" alt=\"\" width=\"300\" height=\"200\" \/><\/a><\/span><\/span><\/span><\/span><\/span><\/p>\n<p>Split i\u00e7in bu kadar saat yol gelmeye gerek varm\u0131? Asl\u0131nda \u00e7okta yok. Ula\u015f\u0131m\u0131n zorlu\u011fu, g\u00f6r\u00fclecek \u00e7ok fazla bir detay\u0131n olmamas\u0131 bir daha bizi bu \u015fehre getirmeyecek gibi duruyor.. :)<\/p>\n<p>Gece yar\u0131s\u0131 otele vard\u0131\u011f\u0131m\u0131zda pestil gibiydi herkes ve \u00f6zellikle bebekler. Yar\u0131n\u0131 burada yani Dubrovnikte ge\u00e7irmeye karar veriyoruz.<\/p>\n<p><strong>Dubrovnik (2.b\u00f6l\u00fcm)<br \/>\n<\/strong><\/p>\n<p>Gezimizin ba\u015f\u0131nda Dubrovnik\u2019in eski \u015fehrini gezip durmu\u015ftuk, bu sefer \u015fehrin yeni k\u0131sm\u0131n\u0131 hedef belirliyoruz. Tepenin hemen ard\u0131nd kalan \u015fehir merkezi arabayla 15 dk. s\u00fcrm\u00fcyor bile. G\u00fczel yazl\u0131k evlerin ve yatlar\u0131n aras\u0131ndan ge\u00e7erek sezondolay\u0131s\u0131yle hen\u00fcz tam a\u00e7\u0131lmam\u0131\u015f plajlar\u0131n oldu\u011fu sahile geliyoruz. Deniz tertemiz ve bombo\u015f. Yaz\u0131n burada deniz olduk\u00e7a keyifli olaca\u011fa benziyor. Zaten sakin olan \u015fehrin bu taraf\u0131 daha da sakin :) Cafeler ile dolu bir soka\u011f\u0131 var, bizdeki barlar soka\u011f\u0131n\u0131n daha derli toplusu. G\u00fczel mimariler, g\u00fczel deniz ve g\u00fczel insanlar\u0131n aras\u0131ndan ge\u00e7erek b\u00fcy\u00fck adalardan birine gitmek i\u00e7in feibot iskelesine yana\u015f\u0131yoruz. Feribot bileti alaca\u011f\u0131m\u0131z gi\u015fe kapal\u0131 beklemekten s\u0131k\u0131l\u0131p ilerideki ba\u015fka bir yere soruyoruz ve sezon dolay\u0131s\u0131yla g\u00fcnde 1 sefer oldu\u011funu s\u00f6yl\u00fcyor bu hayalimizi de \u00e7\u00f6pe at\u0131yor. Gitsek geri d\u00f6nemeyece\u011fiz \u00e7\u00fcnk\u00fc. Yaz sezonu ile birlikte olduk\u00e7a fazla gezi turlar\u0131, seferler d\u00fczenleniyormu\u015f, yaz\u0131n gideceklerin dikkatine :)<\/p>\n<p style=\"text-align: center;\"><span class=\"frame-outer  aligncenter\"><span><span><span><span><a href=\"http:\/\/www.gezipgorduk.com\/wp-content\/uploads\/DSC_0663.jpg\"><img loading=\"lazy\" class=\"aligncenter\" title=\"DSC_0663\" src=\"http:\/\/www.gezipgorduk.com\/wp-content\/uploads\/DSC_0663-300x200.jpg\" alt=\"\" width=\"300\" height=\"200\" \/><\/a><\/span><\/span><\/span><\/span><\/span><\/p>\n<p style=\"text-align: center;\"><span class=\"frame-outer  aligncenter\"><span><span><span><span><a href=\"http:\/\/www.gezipgorduk.com\/wp-content\/uploads\/DSC_0757.jpg\"><img loading=\"lazy\" class=\"aligncenter\" title=\"DSC_0757\" src=\"http:\/\/www.gezipgorduk.com\/wp-content\/uploads\/DSC_0757-200x300.jpg\" alt=\"\" width=\"200\" height=\"300\" \/><\/a><\/span><\/span><\/span><\/span><\/span><\/p>\n<p style=\"text-align: center;\"><span class=\"frame-outer  aligncenter\"><span><span><span><span><a href=\"http:\/\/www.gezipgorduk.com\/wp-content\/uploads\/DSC_06651.jpg\"><img loading=\"lazy\" class=\"aligncenter\" title=\"DSC_0665\" src=\"http:\/\/www.gezipgorduk.com\/wp-content\/uploads\/DSC_06651-300x200.jpg\" alt=\"\" width=\"300\" height=\"200\" \/><\/a><\/span><\/span><\/span><\/span><\/span><\/p>\n<p>Ak\u015fam \u00fczerine do\u011fru, \u015fehirde yap\u0131labilecek son etkinli\u011fimize Teleferik\u2019e geliyoruz. \u0130lk geldi\u011fimizde gece g\u00f6ky\u00fcz\u00fcnde \u0131\u015f\u0131l \u0131\u015f\u0131l yanan dev bir \u2018ha\u00e7\u2019 g\u00f6r\u00fcnt\u00fcs\u00fc dikkatimizi \u00e7ekmi\u015fti. Sabah oldu\u011funda onun da\u011f\u0131n tepesinde kocaman bir betonarme yap\u0131 oldu\u011funu anlad\u0131k ve teleferikleri de g\u00f6r\u00fcnce gezi plan\u0131m\u0131za alm\u0131\u015ft\u0131k.<\/p>\n<p>Teleferik dolduk\u00e7a yukar\u0131ya \u00e7\u0131kart\u0131yor g\u00f6revliler. Enfes bir manzara e\u015fli\u011finde \u00e7\u0131kmaya ba\u015fl\u0131yorsunuz. Yakla\u015f\u0131k bir 5 dakika gibi \u00e7\u0131k\u0131\u015f s\u00fcr\u00fcyor. T\u00fcm Adriyatik ayaklar\u0131n\u0131z\u0131n alt\u0131nda k\u00fc\u00e7\u00fck bir resim gibi kal\u0131yor. Mutlaka buray\u0131 g\u00f6rmeniz laz\u0131m. Tepede bir hediyelik e\u015fya d\u00fckkan\u0131 bir de restoran var. K\u00fc\u00e7\u00fck ve g\u00fczel bir yer. Sava\u015ftan bu teleferiklerde nasibini alm\u0131\u015f. Bombalanm\u0131\u015f ve d\u00fc\u015fm\u00fc\u015fler. Resimleri ve tekrar yap\u0131l\u0131\u015flar\u0131n\u0131n resmedilmesi asans\u00f6r ba\u015f\u0131ndaki \u00e7er\u00e7evelerde mevcut. Araba ile ula\u015fmakta m\u00fcmk\u00fcn, da\u011f yollar\u0131ndan geliniyor ama hi\u00e7 gerek yok \u00e7ok konforlu ve h\u0131zl\u0131 bi\u00e7imde gelinebiliyor.<\/p>\n<p style=\"text-align: center;\"><span class=\"frame-outer  aligncenter\"><span><span><span><span><a href=\"http:\/\/www.gezipgorduk.com\/wp-content\/uploads\/DSC_0707.jpg\"><img loading=\"lazy\" class=\"aligncenter\" title=\"DSC_0707\" src=\"http:\/\/www.gezipgorduk.com\/wp-content\/uploads\/DSC_0707-300x200.jpg\" alt=\"\" width=\"300\" height=\"200\" \/><\/a><\/span><\/span><\/span><\/span><\/span><\/p>\n<p style=\"text-align: center;\"><span class=\"frame-outer  aligncenter\"><span><span><span><span><a href=\"http:\/\/www.gezipgorduk.com\/wp-content\/uploads\/DSC_0714.jpg\"><img loading=\"lazy\" class=\"aligncenter\" title=\"DSC_0714\" src=\"http:\/\/www.gezipgorduk.com\/wp-content\/uploads\/DSC_0714-300x200.jpg\" alt=\"\" width=\"300\" height=\"200\" \/><\/a><\/span><\/span><\/span><\/span><\/span><\/p>\n<p style=\"text-align: center;\"><a href=\"..\/wp-content\/uploads\/DSC_0714.jpg\"><\/a><span class=\"frame-outer  aligncenter\"><span><span><span><span><a href=\"http:\/\/www.gezipgorduk.com\/wp-content\/uploads\/DSC_0771.jpg\"><img loading=\"lazy\" class=\"aligncenter\" title=\"DSC_0771\" src=\"http:\/\/www.gezipgorduk.com\/wp-content\/uploads\/DSC_0771-300x200.jpg\" alt=\"\" width=\"300\" height=\"200\" \/><\/a><\/span><\/span><\/span><\/span><\/span><\/p>\n<p>\u015eehirde ve hatta H\u0131rvatistanda ge\u00e7irdi\u011fimiz son g\u00fcn olmas\u0131 sebebiyle son bir \u015fehir turu at\u0131p, eskiden Kral\u0131n saray\u0131 olan yerde yemek yemeye karar veriyoruz. Enfes lezzette biftek taba\u011f\u0131, garnit\u00fcr olarak ton bal\u0131\u011f\u0131n\u0131n top top yap\u0131lm\u0131\u015f hali, patatesler vs. derken masam\u0131zdan midemiz ve g\u00f6z\u00fcm\u00fcz tok olarak ayr\u0131l\u0131yoruz. Ortalama aile ba\u015f\u0131 350 Kuna \u00fccret \u00f6d\u00fcyoruz. B\u00f6yle bir mekan ve yemekler i\u00e7in normal say\u0131labilecek (hat\u0131rlay\u0131n\u0131z :) 1. k\u0131s\u0131mda yedi\u011fimiz kaz\u0131k ), gayet memnun kalarak ayr\u0131l\u0131yoruz.<\/p>\n<p>Sabah otelden ayr\u0131laca\u011f\u0131z ve kalan g\u00fcnlerimizi Bosna Hersek topraklar\u0131nda ge\u00e7irece\u011fiz. Art\u0131k bavullar\u0131 toplama vakti..<\/p>\n<p style=\"text-align: center;\"><span class=\"frame-outer  aligncenter\"><span><span><span><span><a href=\"http:\/\/www.gezipgorduk.com\/wp-content\/uploads\/DSC_06031.jpg\"><img loading=\"lazy\" class=\"aligncenter\" title=\"DSC_0603\" src=\"http:\/\/www.gezipgorduk.com\/wp-content\/uploads\/DSC_06031-300x200.jpg\" alt=\"\" width=\"300\" height=\"200\" \/><\/a><\/span><\/span><\/span><\/span><\/span><a href=\"..\/wp-content\/uploads\/DSC_0714-copy.jpg\"><\/a><\/p>\n<p style=\"text-align: center;\"><span class=\"frame-outer  aligncenter\"><span><span><span><span><a href=\"http:\/\/www.gezipgorduk.com\/wp-content\/uploads\/DSC_0714-copy.jpg\"><img loading=\"lazy\" class=\"aligncenter\" title=\"DSC_0714 copy\" src=\"http:\/\/www.gezipgorduk.com\/wp-content\/uploads\/DSC_0714-copy-300x200.jpg\" alt=\"\" width=\"300\" height=\"200\" \/><\/a><\/span><\/span><\/span><\/span><\/span><\/p>\n","protected":false},"excerpt":{"rendered":"<p>\u00dc\u00e7\u00fcnc\u00fc b\u00f6l\u00fcm\u00fc ka\u00e7\u0131ranlar buraya t\u0131klay\u0131n :) Otelde yapt\u0131\u011f\u0131m\u0131z g\u00fczel kahvalt\u0131n\u0131n ard\u0131ndan otobandan 4 saat s\u00fcrecek olan yolculu\u011fumuza \u00e7ok ge\u00e7 olmadan \u00e7\u0131kmak istiyoruz. Malum bebekler ile bu yolculu\u011fun 5-6 saate \u00e7\u0131kma riski var, bir de hava s\u0131cak ara\u00e7 i\u00e7erisinde s\u0131cakl\u0131k artt\u0131k\u00e7a bebek huysuzlu\u011fu da art\u0131yor. O sebeple vakitli gidip ge\u00e7 saatte d\u00f6nmek bu gibi yolculuklarda en [&hellip;]<\/p>\n","protected":false},"author":71,"featured_media":0,"comment_status":"open","ping_status":"closed","sticky":false,"template":"","format":"standard","meta":[],"categories":[71,15],"tags":[230,248,266,265,267],"_links":{"self":[{"href":"https:\/\/www.gezipgorduk.com\/index.php\/wp-json\/wp\/v2\/posts\/1110"}],"collection":[{"href":"https:\/\/www.gezipgorduk.com\/index.php\/wp-json\/wp\/v2\/posts"}],"about":[{"href":"https:\/\/www.gezipgorduk.com\/index.php\/wp-json\/wp\/v2\/types\/post"}],"author":[{"embeddable":true,"href":"https:\/\/www.gezipgorduk.com\/index.php\/wp-json\/wp\/v2\/users\/71"}],"replies":[{"embeddable":true,"href":"https:\/\/www.gezipgorduk.com\/index.php\/wp-json\/wp\/v2\/comments?post=1110"}],"version-history":[{"count":11,"href":"https:\/\/www.gezipgorduk.com\/index.php\/wp-json\/wp\/v2\/posts\/1110\/revisions"}],"predecessor-version":[{"id":1139,"href":"https:\/\/www.gezipgorduk.com\/index.php\/wp-json\/wp\/v2\/posts\/1110\/revisions\/1139"}],"wp:attachment":[{"href":"https:\/\/www.gezipgorduk.com\/index.php\/wp-json\/wp\/v2\/media?parent=1110"}],"wp:term":[{"taxonomy":"category","embeddable":true,"href":"https:\/\/www.gezipgorduk.com\/index.php\/wp-json\/wp\/v2\/categories?post=1110"},{"taxonomy":"post_tag","embeddable":true,"href":"https:\/\/www.gezipgorduk.com\/index.php\/wp-json\/wp\/v2\/tags?post=1110"}],"curies":[{"name":"wp","href":"https:\/\/api.w.org\/{rel}","templated":true}]}}