{"id":1481,"date":"2013-06-26T22:50:28","date_gmt":"2013-06-26T20:50:28","guid":{"rendered":"http:\/\/www.gezipgorduk.com\/?p=1481"},"modified":"2013-07-10T08:11:34","modified_gmt":"2013-07-10T06:11:34","slug":"otomobille-yunanistan-1-gumulcine-kavala","status":"publish","type":"post","link":"http:\/\/www.gezipgorduk.com\/index.php\/2013\/06\/26\/otomobille-yunanistan-1-gumulcine-kavala\/","title":{"rendered":"Yunanistan -1: G\u00fcm\u00fclcine, Kavala"},"content":{"rendered":"<p><span class=\"frame-outer  aligncenter size-medium wp-image-1483\"><span><span><span><span><a href=\"http:\/\/www.gezipgorduk.com\/wp-content\/uploads\/575410_10151425202272849_2065656329_n.jpg\"><img loading=\"lazy\" class=\"aligncenter size-medium wp-image-1483\" title=\"575410_10151425202272849_2065656329_n\" src=\"http:\/\/www.gezipgorduk.com\/wp-content\/uploads\/575410_10151425202272849_2065656329_n-300x172.jpg\" alt=\"\" width=\"300\" height=\"172\" srcset=\"http:\/\/www.gezipgorduk.com\/wp-content\/uploads\/575410_10151425202272849_2065656329_n-300x172.jpg 300w, http:\/\/www.gezipgorduk.com\/wp-content\/uploads\/575410_10151425202272849_2065656329_n.jpg 945w\" sizes=\"(max-width: 300px) 100vw, 300px\" \/><\/a><\/span><\/span><\/span><\/span><\/span><span class=\"frame-outer  aligncenter size-medium wp-image-1487\"><span><span><span><span><a href=\"http:\/\/www.gezipgorduk.com\/wp-content\/uploads\/DSC_0012.jpg\"><img loading=\"lazy\" class=\"aligncenter size-medium wp-image-1487\" title=\"DSC_0012\" src=\"http:\/\/www.gezipgorduk.com\/wp-content\/uploads\/DSC_0012-300x200.jpg\" alt=\"\" width=\"300\" height=\"200\" srcset=\"http:\/\/www.gezipgorduk.com\/wp-content\/uploads\/DSC_0012-300x200.jpg 300w, http:\/\/www.gezipgorduk.com\/wp-content\/uploads\/DSC_0012-1024x685.jpg 1024w, http:\/\/www.gezipgorduk.com\/wp-content\/uploads\/DSC_0012.jpg 1056w\" sizes=\"(max-width: 300px) 100vw, 300px\" \/><\/a><\/span><\/span><\/span><\/span><\/span><\/p>\n<p>Yaz geliyor i\u00e7imiz f\u0131k\u0131r f\u0131k\u0131r yine. Yunanistan yak\u0131nl\u0131\u011f\u0131 sebebiyle s\u00fcrekli akl\u0131m\u0131z\u0131n bir k\u00f6\u015fesindeydi. Nas\u0131l bir tur olmas\u0131 gerekti\u011fini planlarken hep istedi\u011fimiz otomobil ile Avrupa turunu da hesaba katt\u0131k ve asl\u0131nda Yunanistan\u2019a arabayla gitmenin bir \u00f6n haz\u0131rl\u0131k olabilece\u011fini d\u00fc\u015f\u00fcnd\u00fck ve hemen haz\u0131rl\u0131klara ba\u015flad\u0131k. En g\u00fczeli de bu gezide ailece bisikletlerimizi de yan\u0131m\u0131za al\u0131yoruz!<\/p>\n<p>Tabiki kafam\u0131zda kurduk\u00e7a b\u00fcy\u00fctt\u00fck, kaza olursa ne olur, g\u00fcmr\u00fckte nas\u0131l olacak, e\u015fyalar, uluslararas\u0131 ehliyet, triptik, h\u0131rs\u0131zl\u0131k.. \u0130stanbul gibi b\u00fcy\u00fck bir \u015fehirde trafikte ne kadar riskimiz varsa orada da en fazla o kadar olur dedik ve i\u015flemlere ba\u015flad\u0131k.<\/p>\n<p>\u0130lk i\u015flem vize ba\u015fvurusu oldu. Arkada\u015f\u0131m\u0131z\u0131n \u015firketinde vize i\u015flemlerine bakan biri ile anla\u015ft\u0131k ve istedi\u011fi evraklar\u0131 kendisine teslim ettik. Vizeler dahil t\u00fcm i\u015flemler i\u00e7in yeti\u015fkinlere 280 TL, \u00e7ocuklara ise 120 TL \u00f6dedik. Bir sonraki hafta bize 2 ay, arkada\u015flar\u0131m\u0131za ise 6 ayl\u0131k Schengen vizesinin \u00e7\u0131kt\u0131\u011f\u0131n\u0131 \u00f6\u011frendik. S\u00fcreler tamamen konsoloslu\u011fun kafas\u0131na g\u00f6re verdi\u011fi zamanlama.<\/p>\n<p>Yola \u00e7\u0131kmadan 3-4 g\u00fcn \u00f6nce ise arabay\u0131 s\u00fcrecek ki\u015fi i\u00e7in uluslararas\u0131 ehliyet \u2013 346 TL ve ara\u00e7 i\u00e7in uluslararas\u0131 trafik sigortas\u0131 \u2013 63 Euro (ye\u015fil belge). Bunlar\u0131n hepsini<a href=\"http:\/\/www.turing.org.tr\/\" target=\"_blank\"> Turing<\/a> kurumundan 10-15 dk. i\u00e7erisinde alabiliyor ve burada kredi kart\u0131 ile \u00f6deyebiliyorsunuz. Asl\u0131nda bunlar\u0131 nakit parayla s\u0131n\u0131rda da yapabiliyorsunuz ancak biz i\u015fimizi sonraya b\u0131rakmak istemedik.<\/p>\n<p>Bu i\u015flemlerden sonra Yurtd\u0131\u015f\u0131 \u00e7\u0131k\u0131\u015f harc\u0131m\u0131z\u0131 yat\u0131rmay\u0131 unutup tatile gidece\u011fimiz ertesi g\u00fcn\u00fc beklemeye ba\u015flad\u0131k. Rotam\u0131z; G\u00fcm\u00fclcine, Kavala, Selanik (1 gece konaklama), Preveze (2 gece konaklama), Parga ve Thassos (1 gece konaklama)adas\u0131\u2019ndan ibaret. \u015eimdi gelelim gezi notlar\u0131m\u0131za..<\/p>\n<p>1 May\u0131s sabah\u0131 hen\u00fcz hava karanl\u0131kken yola koyulduk. \u0130psala s\u0131n\u0131r kap\u0131s\u0131na varmam\u0131z 3-3,5 saat s\u00fcr\u00fcyor. Yollar hen\u00fcz tatil mevsimi olmamas\u0131ndan dolay\u0131 son derece tenha ve g\u00fczel. S\u0131n\u0131ra varmak \u00fczereyken depomuzu T\u00fcrkiye taraf\u0131nda son kez doldurup g\u00fcmr\u00fck kap\u0131s\u0131na do\u011fru ilerliyoruz. Art\u0131k hava ayd\u0131nlan\u0131yor. Kamyonlar ve bizden ba\u015fka kimseler yok ortada..<\/p>\n<p style=\"text-align: left;\">\u0130lk gi\u015feye geldi\u011fimizde g\u00f6revli memur evraklar\u0131m\u0131z\u0131 soruyor ve bakma gere\u011fi bile duymadan giri\u015f kap\u0131s\u0131n\u0131 a\u00e7\u0131yor. Biz \u2018\u2019-araban\u0131n tepesindeki bisikletleri kaydettirmemiz gerekir mi?\u2019\u2019 sorusunun cevab\u0131n\u0131 bile \u2018\u2019-ge\u00e7 ge\u00e7\u2019\u2019 olarak al\u0131yoruz :). \u0130leride ikinci gi\u015fe g\u00f6z\u00fck\u00fcyor. Gidiyoruz camlardan i\u00e7erisi g\u00f6z\u00fckm\u00fcyor. Ancak cam\u0131 a\u00e7an biri de yok. Biz ne yapal\u0131m diye d\u00fc\u015f\u00fcn\u00fcrken korna sesimize gi\u015fede uyuyan memur cam\u0131 a\u00e7arak cevap veriyor. Uyand\u0131rd\u0131k san\u0131r\u0131m :).. Me\u011fer uyuya kalm\u0131\u015f i\u00e7erisi de g\u00f6z\u00fckmeyince.. gelenin vay haline.. Evraklar\u0131m\u0131z\u0131 kontrol etti her\u015feyiniz tam ancak yurtd\u0131\u015f\u0131 \u00e7\u0131k\u0131\u015f harc\u0131n\u0131z yok dedi. Bir anda i\u00e7 ses \u2018\u2019-arrgghhh\u2019\u2019 dedi. :) Hemen arkadaki binada \u00f6deyebilece\u011fimizi ve tekrar gelmemizi s\u00f6yledi.<\/p>\n<p><span class=\"frame-outer  aligncenter\"><span><span><span><span><a href=\"http:\/\/www.gezipgorduk.com\/wp-content\/uploads\/DSC_00403.jpg\"><img loading=\"lazy\" class=\"aligncenter\" title=\"DSC_0040\" src=\"http:\/\/www.gezipgorduk.com\/wp-content\/uploads\/DSC_00403-300x200.jpg\" alt=\"\" width=\"300\" height=\"200\" \/><\/a><\/span><\/span><\/span><\/span><\/span><\/p>\n<p>Gittik \u00f6demek i\u00e7in bir yaz\u0131, \u00e7al\u0131\u015fma saatleri 8:30\u2026.. bir anda kendi kendimize k\u0131zd\u0131k. Daha bir ka\u00e7 saat var! Camlar aynal\u0131 oldu\u011fundan i\u00e7erisi de g\u00f6z\u00fckm\u00fcyor. Biz s\u00f6ylenirken bir anda cam a\u00e7\u0131ld\u0131 ve g\u00f6revli memur evraklar\u0131m\u0131z\u0131 al\u0131p yurtd\u0131\u015f\u0131 \u00e7\u0131k\u0131\u015f pullar\u0131m\u0131z\u0131 verdi. Sevine sevine gidip pasaport kontrol\u00fcne tekrar verdik, damgaland\u0131 ve ge\u00e7tik. Son olarak geldi\u011fimiz kap\u0131da ara\u00e7 kayd\u0131m\u0131z\u0131 yapan sivil g\u00f6revlimiz iyi yolculuklar diledi ve s\u0131n\u0131r kap\u0131s\u0131n\u0131 kald\u0131rd\u0131. Art\u0131k h\u00fcz\u00fcnl\u00fc bir veda vakti gelmi\u015fti. Askerlerimize el sallad\u0131k, Meri\u00e7 nehrinin \u00fczerinden yava\u015f yava\u015f ilerledik. Zaten tepemizdeki bisikletler ile bozuk yerlerde h\u0131zl\u0131 da gidemiyoruz. Hemen ileride yunan askerleri kenarda. Bu kez onlara selam verdik. Onlarda bize. G\u00fcmr\u00fcklerine geldi\u011fimizde pasaport polisi bizi T\u00fcrk\u00e7e kar\u015f\u0131lad\u0131. Ehliyet, ruhsat ve evraklar dedi. :) Biz de uzatt\u0131k. Damgalad\u0131 ve s\u0131n\u0131rdan ge\u00e7tik. Bu kadar uzun anlatmam\u0131za ragmen asl\u0131nda t\u00fcm heyecan dolu bu ser\u00fcven 10 dakika s\u00fcrd\u00fc. Ge\u00e7i\u015f son derece basit ve h\u0131zl\u0131 akl\u0131n\u0131zda olsun.<\/p>\n<p style=\"text-align: left;\">Otobana \u00e7\u0131k\u0131nca keyfimiz yerinde radyomuzda yunan m\u00fczikleri e\u015fli\u011finde merakl\u0131 g\u00f6zlerle baka baka gidiyoruz. Yer yer k\u00f6ylerde g\u00f6rd\u00fc\u011f\u00fcm\u00fcz camii minareleri buralar\u0131n ya T\u00fcrk k\u00f6y\u00fc oldu\u011funu ya da M\u00fcsl\u00fcman bir b\u00f6lgeden ge\u00e7ti\u011fimizi hat\u0131rlat\u0131yor. H\u0131z s\u0131n\u0131r\u0131 130 ancak tepemizde bisikletler ile biz bu limitin zaten alt\u0131nday\u0131z..<\/p>\n<p><span class=\"frame-outer  aligncenter\"><span><span><span><span><a href=\"http:\/\/www.gezipgorduk.com\/wp-content\/uploads\/DSC_00042.jpg\"><img loading=\"lazy\" class=\"aligncenter\" title=\"DSC_0004\" src=\"http:\/\/www.gezipgorduk.com\/wp-content\/uploads\/DSC_00042-200x300.jpg\" alt=\"\" width=\"200\" height=\"300\" \/><\/a><\/span><\/span><\/span><\/span><\/span><\/p>\n<p style=\"text-align: left;\"><strong>G\u00dcM\u00dcLC\u0130NE<\/strong><\/p>\n<p style=\"text-align: left;\">Yakla\u015f\u0131k yar\u0131m saat sonra G\u00fcm\u00fclcine\u2019ye var\u0131yoruz. \u00d6nceden gidece\u011fimiz yerlerin hem T\u00fcrk\u00e7elerini hem de Yunanca kar\u015f\u0131l\u0131klar\u0131n\u0131 not ald\u0131\u011f\u0131m\u0131z i\u00e7in birilerine soru sorarken ya da navigasyonumuza adres girerken zorluk \u00e7ekmiyoruz. \u015eehir merkezine vard\u0131\u011f\u0131m\u0131zda hen\u00fcz daha sabah\u0131n koru oldu\u011fundan bir \u00e7ok yer ya kapal\u0131 ya da yeni a\u00e7\u0131l\u0131yor. K\u0131sa bir \u015fehir turu at\u0131yoruz \u00f6nce arabalarla, hem etraf\u0131 h\u0131zl\u0131 kola\u00e7an etmek hem de m\u00fcsait bir park yeri bulabilmek i\u00e7in en h\u0131zl\u0131 yol bu.. T\u00fcrk n\u00fcfusun \u00e7oklu\u011funu kap\u0131lardaki isimler ve i\u015fyerlerindeki tabelalardan rahat\u00e7a anl\u0131yorsunuz. Bir i\u015fyerine girip T\u00fcrk\u00e7e adres soruyoruz ve hemen yard\u0131mc\u0131 oluyorlar. Arabam\u0131z\u0131 park etmek i\u00e7in gitti\u011fimizde bizim konu\u015ftuklar\u0131m\u0131z\u0131 duyan esnaf hemen yard\u0131mc\u0131 oluyor oraya de\u011fil \u015furaya koyun ceza yemeyin gibi.. :)<\/p>\n<p><span class=\"frame-outer  aligncenter\"><span><span><span><span><a href=\"http:\/\/www.gezipgorduk.com\/wp-content\/uploads\/DSC_0006.jpg\"><img loading=\"lazy\" class=\"aligncenter\" title=\"DSC_0006\" src=\"http:\/\/www.gezipgorduk.com\/wp-content\/uploads\/DSC_0006-300x200.jpg\" alt=\"\" width=\"300\" height=\"200\" \/><\/a><\/span><\/span><\/span><\/span><\/span><\/p>\n<p>\u00c7ocuklarla y\u00fcr\u00fcyerek k\u0131sa bir tur at\u0131yoruz merkezde. Nerede kahvalt\u0131 ederiz derken <span style=\"color: #000000;\"><strong>\u2018Sultan Pastanesi\u2019<\/strong><\/span> g\u00f6z\u00fcm\u00fcze \u00e7arp\u0131yor ve orada bulabildi\u011fimiz standart po\u011fa\u00e7a-\u00e7ay e\u015fli\u011finde karn\u0131m\u0131z\u0131 doyuruyoruz. Hemen herkes bozukta olsa T\u00fcrk\u00e7e biliyor ve o kadar nezaketli davran\u0131yor ki insani duygular\u0131m\u0131z tavan yap\u0131yor. Pastane sahibi bat\u0131 trakyal\u0131 T\u00fcrk bayan gezilecek yerin sadece bulundu\u011fumuz yer ve arka sokaklar\u0131 diye ekliyor. Arka sokaklara girdi\u011fimizde Osmanl\u0131 eserleri bizi kar\u015f\u0131l\u0131yor. <span style=\"color: #000000;\"><strong>Yeni Camii (1585)<\/strong><\/span> ve <span style=\"color: #000000;\"><strong>Tarihi Saat Kulesi\u2019ni (1885) <\/strong><\/span>inceliyoruz. Saat kulesi II.Abd\u00fclhamit ferman\u0131 ile yapt\u0131r\u0131lm\u0131\u015f. Bir ka\u00e7 kare resim \u00e7ekip devam ediyoruz. Eski evleri g\u00f6r\u00fcyoruz ara sokaklarda biraz dikkatli bakt\u0131\u011f\u0131n\u0131zda Osmanl\u0131 mimarisi detaylar\u0131n\u0131 yakalaman\u0131z m\u00fcmk\u00fcn.<\/p>\n<p>G\u00fcm\u00fclcine k\u00fc\u00e7\u00fck bir kent, bir saat kadar kal\u0131p etrafa bak\u0131n\u0131yoruz, ard\u0131ndan yola devam. S\u0131rada Kavala var..<\/p>\n<p><strong>KAVALA<\/strong><\/p>\n<p style=\"text-align: left;\">G\u00fcm\u00fclcine\u2019den yakla\u015f\u0131k yar\u0131m saat\u00a0 &#8211; 45 dk. sonra Kavala\u2019ya var\u0131yoruz. Turistik bir \u015fehir. \u015eehre girerken kar\u015f\u0131m\u0131za bir tabela \u00e7\u0131k\u0131yor, T\u00fcrk kesimi kanlar i\u00e7erisinde bir K\u0131br\u0131s haritas\u0131 ve alt\u0131nda \u2018\u2019UNUTMAYACA\u011eIZ!\u2019\u2019 yaz\u0131s\u0131.. biraz sinir bozucu ve bizlerin bir anda milliyet\u00e7i damar\u0131na basan bir tabela. Y\u00fczy\u0131llar boyu Osmanl\u0131 \u0130mparatorlu\u011fu\u2019nun Balkanlar\u2019daki \u00f6nemli merkezlerinden biri olan \u015fehirde, yine y\u00fczy\u0131llar boyu insanlar bir arada kald\u0131lar. Karde\u015f\u00e7e. Ama Avrupadaki devlet politikalar\u0131 uzun y\u0131llar maalesef Osmanl\u0131 izlerini silme pahas\u0131na bu kan duygusundan beslendiler.<\/p>\n<p><span class=\"frame-outer  aligncenter\"><span><span><span><span><a href=\"http:\/\/www.gezipgorduk.com\/wp-content\/uploads\/IMG_1538.jpg\"><img loading=\"lazy\" class=\"aligncenter\" title=\"IMG_1538\" src=\"http:\/\/www.gezipgorduk.com\/wp-content\/uploads\/IMG_1538-300x224.jpg\" alt=\"\" width=\"300\" height=\"224\" \/><\/a><\/span><\/span><\/span><\/span><\/span><\/p>\n<p style=\"text-align: left;\">Bu yukar\u0131daki sat\u0131rlar\u0131 hep okur dinlerdik, buraya geldikten sonra hakikaten g\u00f6rd\u00fck ki hi\u00e7 bir eserimizde bilgi yok, ismi yok, tarif yok, tarih yok.. kimi yerlerde\u00a0 eserleri \u00f6ylece b\u0131rakm\u0131\u015flar. Bakan yok. Siz bile ya\u011fmalayabilirsiniz. Enteresan. Sanki y\u0131k\u0131ls\u0131n diye \u00e7\u00fcr\u00fcmesini bekliyorlar.. Neyse tarihi tarih\u00e7ilere b\u0131rak\u0131p gezimize d\u00f6n\u00fcyoruz.<\/p>\n<p style=\"text-align: left;\">\u015eehre girerken yol, deniz kenar\u0131ndan gidiyor ve manzara nefis. \u015eehir merkezi tabelas\u0131n\u0131 takip ediyoruz, Osmanl\u0131 d\u00f6nemi eselerinin en \u00f6nemlilerinden biri olan ve 16.yy\u2019da yap\u0131lan <span style=\"color: #000000;\"><strong>Su Kemerleri<\/strong><\/span>&#8216;nin alt\u0131ndan ge\u00e7iyoruz. Sabah erken saatler olmas\u0131na kar\u015f\u0131n \u015fehir hareketli. K\u0131sa bir tur at\u0131p arabayla sahilin u\u00e7 k\u0131sm\u0131nda geni\u015f ve g\u00fcvenli bir otopark buluyoruz. S\u00fcre s\u0131n\u0131rlamas\u0131 yok ve 1.90 euro.<\/p>\n<p><span class=\"frame-outer  small aligncenter\"><span><span><span><span><a href=\"http:\/\/www.gezipgorduk.com\/wp-content\/uploads\/IMG_1311.jpg\"><img loading=\"lazy\" class=\"aligncenter\" title=\"IMG_1311\" src=\"http:\/\/www.gezipgorduk.com\/wp-content\/uploads\/IMG_1311-300x89.jpg\" alt=\"\" width=\"300\" height=\"89\" \/><\/a><\/span><\/span><\/span><\/span><\/span><\/p>\n<p>Kafam\u0131z\u0131 kald\u0131r\u0131nca eski <span style=\"color: #000000;\"><strong>Bizans ve Osmanl\u0131 kalesi<\/strong><\/span> bizi kar\u015f\u0131l\u0131yor. Bizansl\u0131lar kaleyi yap\u0131yor ama Osmanl\u0131 devleti kaleyi b\u00fcy\u00fct\u00fcyor ve geni\u015fletiyor. Hemen yine g\u00f6zle se\u00e7ebildi\u011fimiz <span style=\"color: #000000;\"><strong>Kavalal\u0131 Mehmet Ali Pa\u015fa Medresesi<\/strong><\/span> (\u015fu anda otel olarak kullan\u0131l\u0131yor ancak rehberli geziler mevcut) tipik Osmanl\u0131 mimarisiyle kendisini belli ediyor. \u015eehirde Mehmet Ali Pa\u015fa\u2019n\u0131n heykeli de mevcut. Bir d\u00f6nem Osmanl\u0131ya kar\u015f\u0131 ba\u015far\u0131l\u0131 bir \u015fekilde ayakland\u0131\u011f\u0131 ve devlet i\u00e7in tehdit olu\u015fturdu\u011fundan burada sevilen bir zat kendisi. :) Bize kar\u015f\u0131 kim varsa burda seviliyor i\u015fte i\u015fin \u00f6z\u00fc..<\/p>\n<p>Y\u00fcr\u00fcyoruz, eski sokaklardan kaleye \u00e7\u0131kmaya ba\u015fl\u0131yoruz ve tabiki sokaklar dik ve dar. Yolda \u00f6n\u00fcm\u00fcz\u00fc bir dede kesiyor. Konu\u015fmalar\u0131m\u0131zdan T\u00fcrk oldu\u011fumuzu anl\u0131yor ve lafl\u0131yoruz. \u0130lla \u015furaya gidin buraya gidin diye tembihliyor. Neler yapt\u0131\u011f\u0131m\u0131z\u0131 soruyor, T\u00fcrkiye\u2019yi soruyor, Konstantin nas\u0131l diyor.. Anlat\u0131yor da anlat\u0131yor. Sonra Yan\u0131m\u0131zdan ge\u00e7en Alman turistlere Almanca laf at\u0131yor ve sessizce aradan \u00e7\u0131k\u0131yoruz..<\/p>\n<p style=\"text-align: left;\"><span class=\"frame-outer  aligncenter\"><span><span><span><span><a href=\"http:\/\/www.gezipgorduk.com\/wp-content\/uploads\/DSC_00382.jpg\"><img loading=\"lazy\" class=\"aligncenter\" title=\"DSC_0038\" src=\"http:\/\/www.gezipgorduk.com\/wp-content\/uploads\/DSC_00382-300x200.jpg\" alt=\"\" width=\"300\" height=\"200\" \/><\/span><\/span><\/span><\/span><\/span><br \/>\n<\/a><span class=\"frame-outer  aligncenter\"><span><span><span><span><a href=\"http:\/\/www.gezipgorduk.com\/wp-content\/uploads\/DSC_00411.jpg\"><img loading=\"lazy\" class=\"aligncenter\" title=\"DSC_0041\" src=\"http:\/\/www.gezipgorduk.com\/wp-content\/uploads\/DSC_00411-300x200.jpg\" alt=\"\" width=\"300\" height=\"200\" \/><\/a><\/span><\/span><\/span><\/span><\/span><\/p>\n<p>Kaleye \u00e7\u0131k\u0131\u015f yorucu ancak nefis manzara kar\u015f\u0131s\u0131nda kesinlikle de\u011fer. Giri\u015f 2.5 Euro. Toplar\u0131m\u0131z\u0131n g\u00fclleleri bile hala depoda duruyordu. Sokaklardan birinde eski <span style=\"color: #000000;\"><strong>Halil Bey Camii<\/strong><\/span> kar\u015f\u0131l\u0131yor bizi. Art\u0131k kiliseye \u00e7evrilmi\u015f ve kapal\u0131 giremiyoruz. Biraz dinlenip solukland\u0131ktan sonra a\u015fa\u011f\u0131da iniyoruz yine farkl\u0131 sokaklardan. Kar\u015f\u0131m\u0131za \u00e7\u0131kan ilk bal\u0131k\u00e7\u0131da da bal\u0131k yiyoruz. Yunan salatas\u0131 dedikleri salatay\u0131 da sipari\u015f ediyoruz. Bal\u0131k ile bol salata ve ye\u015fillik en dayan\u0131lmaz lezzet bizim i\u00e7in. Salata; domates, so\u011fan ve salatal\u0131k s\u00f6\u011f\u00fc\u015f\u00fc ancak fark\u0131 ise \u00fczerindeki 2 parmak kal\u0131nl\u0131\u011f\u0131ndaki beyaz peyniri. Neredeyse salatay\u0131 ekmek aras\u0131 yap\u0131p yiyebilirsiniz. Doyman\u0131z garanti.. Turistik bir yerde yemememize ra\u011fmen insanlar T\u00fcrk\u00e7e anl\u0131yor ve yard\u0131mc\u0131 oluyor.<\/p>\n<p><span class=\"frame-outer  size-medium wp-image-1488 aligncenter\"><span><span><span><span><a href=\"http:\/\/www.gezipgorduk.com\/wp-content\/uploads\/DSC_0035.jpg\"><img loading=\"lazy\" class=\"size-medium wp-image-1488 aligncenter\" title=\"DSC_0035\" src=\"http:\/\/www.gezipgorduk.com\/wp-content\/uploads\/DSC_0035-300x200.jpg\" alt=\"\" width=\"300\" height=\"200\" srcset=\"http:\/\/www.gezipgorduk.com\/wp-content\/uploads\/DSC_0035-300x200.jpg 300w, http:\/\/www.gezipgorduk.com\/wp-content\/uploads\/DSC_0035-1024x685.jpg 1024w, http:\/\/www.gezipgorduk.com\/wp-content\/uploads\/DSC_0035.jpg 1056w\" sizes=\"(max-width: 300px) 100vw, 300px\" \/><\/a><\/span><\/span><\/span><\/span><\/span><\/p>\n<p style=\"text-align: center;\"><span class=\"frame-outer  aligncenter\"><span><span><span><span><a href=\"http:\/\/www.gezipgorduk.com\/wp-content\/uploads\/DSC_00101.jpg\"><img loading=\"lazy\" class=\"aligncenter\" title=\"DSC_0010\" src=\"http:\/\/www.gezipgorduk.com\/wp-content\/uploads\/DSC_00101-300x200.jpg\" alt=\"\" width=\"300\" height=\"200\" \/><\/a><\/span><\/span><\/span><\/span><\/span><\/p>\n<p>Asl\u0131nda t\u00fcm Yunanistan gezimiz boyunca insanlar\u0131n sevecenli\u011fi ve yard\u0131mc\u0131l\u0131\u011f\u0131 s\u00fcperdi. Neredeyse herkes T\u00fcrk\u00e7e biliyor. Hele ya\u015fl\u0131lar sizinle oturup memleket sohpeti yap\u0131yorlar. Kimi diyor ben Bursan\u0131n k\u00f6y\u00fcndenim, \u00f6b\u00fcr\u00fc diyor ben Nev\u015fehirliyim..\u00e7ok keyifli..\u00e7ok d\u00fc\u015f\u00fcnd\u00fcr\u00fcc\u00fc.. en g\u00fczeli elinizi s\u0131kan kesinlikle b\u0131rakm\u0131yor..<\/p>\n","protected":false},"excerpt":{"rendered":"<p>Yaz geliyor i\u00e7imiz f\u0131k\u0131r f\u0131k\u0131r yine. Yunanistan yak\u0131nl\u0131\u011f\u0131 sebebiyle s\u00fcrekli akl\u0131m\u0131z\u0131n bir k\u00f6\u015fesindeydi. Nas\u0131l bir tur olmas\u0131 gerekti\u011fini planlarken hep istedi\u011fimiz otomobil ile Avrupa turunu da hesaba katt\u0131k ve asl\u0131nda Yunanistan\u2019a arabayla gitmenin bir \u00f6n haz\u0131rl\u0131k olabilece\u011fini d\u00fc\u015f\u00fcnd\u00fck ve hemen haz\u0131rl\u0131klara ba\u015flad\u0131k. En g\u00fczeli de bu gezide ailece bisikletlerimizi de yan\u0131m\u0131za al\u0131yoruz! Tabiki kafam\u0131zda kurduk\u00e7a [&hellip;]<\/p>\n","protected":false},"author":71,"featured_media":0,"comment_status":"open","ping_status":"closed","sticky":false,"template":"","format":"standard","meta":[],"categories":[15],"tags":[340,341,344,343,342,346,345,347],"_links":{"self":[{"href":"http:\/\/www.gezipgorduk.com\/index.php\/wp-json\/wp\/v2\/posts\/1481"}],"collection":[{"href":"http:\/\/www.gezipgorduk.com\/index.php\/wp-json\/wp\/v2\/posts"}],"about":[{"href":"http:\/\/www.gezipgorduk.com\/index.php\/wp-json\/wp\/v2\/types\/post"}],"author":[{"embeddable":true,"href":"http:\/\/www.gezipgorduk.com\/index.php\/wp-json\/wp\/v2\/users\/71"}],"replies":[{"embeddable":true,"href":"http:\/\/www.gezipgorduk.com\/index.php\/wp-json\/wp\/v2\/comments?post=1481"}],"version-history":[{"count":10,"href":"http:\/\/www.gezipgorduk.com\/index.php\/wp-json\/wp\/v2\/posts\/1481\/revisions"}],"predecessor-version":[{"id":1552,"href":"http:\/\/www.gezipgorduk.com\/index.php\/wp-json\/wp\/v2\/posts\/1481\/revisions\/1552"}],"wp:attachment":[{"href":"http:\/\/www.gezipgorduk.com\/index.php\/wp-json\/wp\/v2\/media?parent=1481"}],"wp:term":[{"taxonomy":"category","embeddable":true,"href":"http:\/\/www.gezipgorduk.com\/index.php\/wp-json\/wp\/v2\/categories?post=1481"},{"taxonomy":"post_tag","embeddable":true,"href":"http:\/\/www.gezipgorduk.com\/index.php\/wp-json\/wp\/v2\/tags?post=1481"}],"curies":[{"name":"wp","href":"https:\/\/api.w.org\/{rel}","templated":true}]}}